{"id":3209,"date":"2023-10-25T13:58:46","date_gmt":"2023-10-25T11:58:46","guid":{"rendered":"https:\/\/agora.xtec.cat\/iesmolidelavila\/?p=3209"},"modified":"2023-10-25T13:58:46","modified_gmt":"2023-10-25T11:58:46","slug":"vaga-alumnat-26-doctubre-2023","status":"publish","type":"post","link":"https:\/\/agora.xtec.cat\/iesmolidelavila\/general\/vaga-alumnat-26-doctubre-2023\/","title":{"rendered":"Vaga alumnat &#8211; 26 d&#8217;octubre 2023"},"content":{"rendered":"<p><span style=\"font-weight: 400;\">Pel dijous dia 26 d\u2019octubre de 2023 el Sindicat d\u2019Estudiants\u00a0 ha convocat una vaga de l\u2019alumnat.<\/span><\/p>\n<p><span style=\"font-weight: 400;\">El professorat no fa vaga. Per tant, el centre i el transport escolar funcionar\u00e0 amb normalitat.<\/span><\/p>\n<p><span style=\"font-weight: 400;\">L\u2019alumnat de batxillerat, 3r i 4t d\u2019ESO pot exercir el dret de vaga pr\u00e8via notificaci\u00f3 a la Direcci\u00f3 i amb l\u2019autoritzaci\u00f3 dels pares. Aquesta autoritzaci\u00f3 cal que la tinguin degudament signada a l\u2019agenda escolar o b\u00e9 a trav\u00e9s de la plataforma iEduca.<\/span><\/p>\n<p><span style=\"font-weight: 400;\">L\u2019alumnat de 1r i 2n d\u2019ESO no t\u00e9 dret de vaga.<\/span><\/p>\n","protected":false},"excerpt":{"rendered":"<p>Pel dijous dia 26 d\u2019octubre de 2023 el Sindicat d\u2019Estudiants\u00a0 ha convocat una vaga de l\u2019alumnat.<br \/>\nEl professorat no fa vaga. Per tant, el centre i el transport escolar funcionar\u00e0 amb normalitat.<br \/>\nL\u2019alumnat de batxillerat, 3r i 4t d\u2019ESO pot exercir el dret de vaga pr\u00e8via notificaci\u00f3&hellip;  <a href=\"https:\/\/agora.xtec.cat\/iesmolidelavila\/general\/vaga-alumnat-26-doctubre-2023\/\" title=\"Read Vaga alumnat &#8211; 26 d&#8217;octubre 2023\">Llegeix m\u00e9s\u00bb<\/a><\/p>\n","protected":false},"author":3,"featured_media":0,"comment_status":"closed","ping_status":"closed","sticky":false,"template":"","format":"standard","meta":{"footnotes":""},"categories":[8,3,1,29],"tags":[],"class_list":["post-3209","post","type-post","status-publish","format-standard","hentry","category-batxillerat","category-eso","category-general","category-portada"],"post_mailing_queue_ids":[],"_links":{"self":[{"href":"https:\/\/agora.xtec.cat\/iesmolidelavila\/wp-json\/wp\/v2\/posts\/3209","targetHints":{"allow":["GET"]}}],"collection":[{"href":"https:\/\/agora.xtec.cat\/iesmolidelavila\/wp-json\/wp\/v2\/posts"}],"about":[{"href":"https:\/\/agora.xtec.cat\/iesmolidelavila\/wp-json\/wp\/v2\/types\/post"}],"author":[{"embeddable":true,"href":"https:\/\/agora.xtec.cat\/iesmolidelavila\/wp-json\/wp\/v2\/users\/3"}],"replies":[{"embeddable":true,"href":"https:\/\/agora.xtec.cat\/iesmolidelavila\/wp-json\/wp\/v2\/comments?post=3209"}],"version-history":[{"count":1,"href":"https:\/\/agora.xtec.cat\/iesmolidelavila\/wp-json\/wp\/v2\/posts\/3209\/revisions"}],"predecessor-version":[{"id":3210,"href":"https:\/\/agora.xtec.cat\/iesmolidelavila\/wp-json\/wp\/v2\/posts\/3209\/revisions\/3210"}],"wp:attachment":[{"href":"https:\/\/agora.xtec.cat\/iesmolidelavila\/wp-json\/wp\/v2\/media?parent=3209"}],"wp:term":[{"taxonomy":"category","embeddable":true,"href":"https:\/\/agora.xtec.cat\/iesmolidelavila\/wp-json\/wp\/v2\/categories?post=3209"},{"taxonomy":"post_tag","embeddable":true,"href":"https:\/\/agora.xtec.cat\/iesmolidelavila\/wp-json\/wp\/v2\/tags?post=3209"}],"curies":[{"name":"wp","href":"https:\/\/api.w.org\/{rel}","templated":true}]}}