{"id":1967,"date":"2019-10-15T12:03:02","date_gmt":"2019-10-15T10:03:02","guid":{"rendered":"https:\/\/agora.xtec.cat\/iesmolidelavila\/?p=1967"},"modified":"2019-10-17T12:12:33","modified_gmt":"2019-10-17T10:12:33","slug":"vaga-destudiants-16-17-i-18-doctubre-2019","status":"publish","type":"post","link":"https:\/\/agora.xtec.cat\/iesmolidelavila\/general\/vaga-destudiants-16-17-i-18-doctubre-2019\/","title":{"rendered":"Vaga d&#8217;Estudiants 16, 17 i 18 d&#8217;octubre 2019"},"content":{"rendered":"<p>El Sindicat d&#8217;Estudiants ha convocat <b><span class=\"m_-785308528996447100gmail-m_5517378594692140309gmail-il\">vaga<\/span>\u00a0<span class=\"m_-785308528996447100gmail-m_5517378594692140309gmail-il\">general<\/span>\u00a0estudia<wbr \/>ntil a instituts i universitats<\/b> pels dies <strong>dimecres 16, dijous 17 i divendres <\/strong><b>18 d&#8217;octubre.<\/b><\/p>\n<p>Els dies 16 i 17 d&#8217;octubre el professorat i personal del centre no fa vaga. Per tant el centre i el transport escolar funcionar\u00e0 amb normalitat.<\/p>\n<p><strong>Pel dia 18 d&#8217;octubre tamb\u00e9 hi ha convocada vaga general a tots els sectors de la comunitat educativa. M\u00e9s endavant s&#8217;informar\u00e0 de l&#8217;afectaci\u00f3 que pugui tenir al nostre centre.<\/strong><\/p>\n<p>L\u2019alumnat de batxillerat, 3r i 4t d\u2019ESO pot exercir el dret de vaga pr\u00e8via notificaci\u00f3 a la Direcci\u00f3 i amb l\u2019autoritzaci\u00f3 dels pares. Aquesta autoritzaci\u00f3 cal que la tinguin degudament signada a l\u2019agenda escolar o b\u00e9 a trav\u00e9s de la plataforma iEduca.<\/p>\n<p>L\u2019alumnat de 1r i 2n d\u2019ESO no t\u00e9 dret de vaga.<\/p>\n<p>&nbsp;<\/p>\n","protected":false},"excerpt":{"rendered":"<p>El Sindicat d&#8217;Estudiants ha convocat vaga\u00a0general\u00a0estudiantil a instituts i universitats pels dies dimecres 16, dijous 17 i divendres 18 d&#8217;octubre.<br \/>\nEls dies 16 i 17 d&#8217;octubre el professorat i personal del centre no fa vaga. Per tant el centre i el transport escolar funcionar\u00e0 amb normalitat.<br \/>\nPel&hellip;  <a href=\"https:\/\/agora.xtec.cat\/iesmolidelavila\/general\/vaga-destudiants-16-17-i-18-doctubre-2019\/\" title=\"Read Vaga d&#8217;Estudiants 16, 17 i 18 d&#8217;octubre 2019\">Llegeix m\u00e9s\u00bb<\/a><\/p>\n","protected":false},"author":3,"featured_media":0,"comment_status":"closed","ping_status":"closed","sticky":false,"template":"","format":"standard","meta":{"footnotes":""},"categories":[1],"tags":[],"class_list":["post-1967","post","type-post","status-publish","format-standard","hentry","category-general"],"post_mailing_queue_ids":[],"_links":{"self":[{"href":"https:\/\/agora.xtec.cat\/iesmolidelavila\/wp-json\/wp\/v2\/posts\/1967","targetHints":{"allow":["GET"]}}],"collection":[{"href":"https:\/\/agora.xtec.cat\/iesmolidelavila\/wp-json\/wp\/v2\/posts"}],"about":[{"href":"https:\/\/agora.xtec.cat\/iesmolidelavila\/wp-json\/wp\/v2\/types\/post"}],"author":[{"embeddable":true,"href":"https:\/\/agora.xtec.cat\/iesmolidelavila\/wp-json\/wp\/v2\/users\/3"}],"replies":[{"embeddable":true,"href":"https:\/\/agora.xtec.cat\/iesmolidelavila\/wp-json\/wp\/v2\/comments?post=1967"}],"version-history":[{"count":3,"href":"https:\/\/agora.xtec.cat\/iesmolidelavila\/wp-json\/wp\/v2\/posts\/1967\/revisions"}],"predecessor-version":[{"id":1972,"href":"https:\/\/agora.xtec.cat\/iesmolidelavila\/wp-json\/wp\/v2\/posts\/1967\/revisions\/1972"}],"wp:attachment":[{"href":"https:\/\/agora.xtec.cat\/iesmolidelavila\/wp-json\/wp\/v2\/media?parent=1967"}],"wp:term":[{"taxonomy":"category","embeddable":true,"href":"https:\/\/agora.xtec.cat\/iesmolidelavila\/wp-json\/wp\/v2\/categories?post=1967"},{"taxonomy":"post_tag","embeddable":true,"href":"https:\/\/agora.xtec.cat\/iesmolidelavila\/wp-json\/wp\/v2\/tags?post=1967"}],"curies":[{"name":"wp","href":"https:\/\/api.w.org\/{rel}","templated":true}]}}