{"id":1067,"date":"2016-11-02T21:12:12","date_gmt":"2016-11-02T20:12:12","guid":{"rendered":"http:\/\/agora.xtec.cat\/iesmiramar\/?p=1067"},"modified":"2016-11-02T21:13:13","modified_gmt":"2016-11-02T20:13:13","slug":"recorregut-per-la-conca-de-tremp-i-el-montsec","status":"publish","type":"post","link":"https:\/\/agora.xtec.cat\/iesmiramar\/portada\/recorregut-per-la-conca-de-tremp-i-el-montsec\/","title":{"rendered":"Recorregut per la Conca de Tremp i el Montsec"},"content":{"rendered":"<p>Els dies <strong>26 i 27 d\u2019octubre<\/strong> els <strong>alumnes i professors de la mat\u00e8ria de modalitat de Ci\u00e8ncies de la Terra i del Medi Ambient<\/strong> hem fet un recorregut per la Conca de Tremp i el Montsec, dos dels llocs m\u00e9s emblem\u00e0tics pel seu inter\u00e8s geol\u00f2gic a nivell mundial.<\/p>\n<p>Durant dos dies, hem estudiat la geologia de la Conca: des de l\u2019observaci\u00f3 del seu aq\u00fc\u00edfer, passant per la carstificaci\u00f3 dels llacs de Basturs, la gran esllavissada de Puigcerc\u00f3s, el parc de Badlands de Sant Salvador, el rebliment de l\u2019embassament de Cellers i el Congost de Terradets.<\/p>\n<p>Per altra banda, hem analitzat els riscos que s\u2019esdevenen al llarg de tot el territori, aix\u00ed com els impactes generats per l\u2019home a partir de l\u2019explotaci\u00f3 dels seus recursos.<\/p>\n<p>Tamb\u00e9 hem aprofitat l\u2019estada per visitar l\u2019Ull del Montsec, centre astron\u00f2mic per l\u2019observaci\u00f3 i estudi de l\u2019Univers. A m\u00e9s, la conca de Tremp cont\u00e9 un dels jaciments m\u00e9s importants de dinosaures del m\u00f3n, la Conca de Dell\u00e0, que tamb\u00e9 vam visitar.<\/p>\n<p><a href=\"http:\/\/agora.xtec.cat\/iesmiramar\/wp-content\/uploads\/usu968\/2016\/11\/DSC_3161.jpg\"><img loading=\"lazy\" decoding=\"async\" class=\"alignnone wp-image-1068\" src=\"http:\/\/agora.xtec.cat\/iesmiramar\/wp-content\/uploads\/usu968\/2016\/11\/DSC_3161-1024x684.jpg\" alt=\"dsc_3161\" width=\"396\" height=\"265\" srcset=\"https:\/\/agora.xtec.cat\/iesmiramar\/wp-content\/uploads\/usu968\/2016\/11\/DSC_3161-1024x684.jpg 1024w, https:\/\/agora.xtec.cat\/iesmiramar\/wp-content\/uploads\/usu968\/2016\/11\/DSC_3161-300x200.jpg 300w, https:\/\/agora.xtec.cat\/iesmiramar\/wp-content\/uploads\/usu968\/2016\/11\/DSC_3161-768x513.jpg 768w, https:\/\/agora.xtec.cat\/iesmiramar\/wp-content\/uploads\/usu968\/2016\/11\/DSC_3161.jpg 1203w\" sizes=\"auto, (max-width: 396px) 100vw, 396px\" \/>\u00a0 \u00a0\u00a0<\/a><a href=\"http:\/\/agora.xtec.cat\/iesmiramar\/wp-content\/uploads\/usu968\/2016\/11\/DSC_3190.jpg\"><img loading=\"lazy\" decoding=\"async\" class=\"alignnone wp-image-1069\" src=\"http:\/\/agora.xtec.cat\/iesmiramar\/wp-content\/uploads\/usu968\/2016\/11\/DSC_3190-1024x684.jpg\" alt=\"dsc_3190\" width=\"394\" height=\"263\" srcset=\"https:\/\/agora.xtec.cat\/iesmiramar\/wp-content\/uploads\/usu968\/2016\/11\/DSC_3190-1024x684.jpg 1024w, https:\/\/agora.xtec.cat\/iesmiramar\/wp-content\/uploads\/usu968\/2016\/11\/DSC_3190-300x200.jpg 300w, https:\/\/agora.xtec.cat\/iesmiramar\/wp-content\/uploads\/usu968\/2016\/11\/DSC_3190-768x513.jpg 768w, https:\/\/agora.xtec.cat\/iesmiramar\/wp-content\/uploads\/usu968\/2016\/11\/DSC_3190.jpg 1203w\" sizes=\"auto, (max-width: 394px) 100vw, 394px\" \/><\/a><\/p>\n<p><a href=\"http:\/\/agora.xtec.cat\/iesmiramar\/wp-content\/uploads\/usu968\/2016\/11\/DSC_3232.jpg\"><img loading=\"lazy\" decoding=\"async\" class=\"alignnone wp-image-1070\" src=\"http:\/\/agora.xtec.cat\/iesmiramar\/wp-content\/uploads\/usu968\/2016\/11\/DSC_3232-1024x684.jpg\" alt=\"dsc_3232\" width=\"397\" height=\"266\" srcset=\"https:\/\/agora.xtec.cat\/iesmiramar\/wp-content\/uploads\/usu968\/2016\/11\/DSC_3232-1024x684.jpg 1024w, https:\/\/agora.xtec.cat\/iesmiramar\/wp-content\/uploads\/usu968\/2016\/11\/DSC_3232-300x200.jpg 300w, https:\/\/agora.xtec.cat\/iesmiramar\/wp-content\/uploads\/usu968\/2016\/11\/DSC_3232-768x513.jpg 768w, https:\/\/agora.xtec.cat\/iesmiramar\/wp-content\/uploads\/usu968\/2016\/11\/DSC_3232.jpg 1203w\" sizes=\"auto, (max-width: 397px) 100vw, 397px\" \/><\/a>\u00a0 \u00a0 <a href=\"http:\/\/agora.xtec.cat\/iesmiramar\/wp-content\/uploads\/usu968\/2016\/11\/DSC_3260.jpg\"><img loading=\"lazy\" decoding=\"async\" class=\"alignnone wp-image-1071\" src=\"http:\/\/agora.xtec.cat\/iesmiramar\/wp-content\/uploads\/usu968\/2016\/11\/DSC_3260-1024x684.jpg\" alt=\"dsc_3260\" width=\"398\" height=\"266\" srcset=\"https:\/\/agora.xtec.cat\/iesmiramar\/wp-content\/uploads\/usu968\/2016\/11\/DSC_3260-1024x684.jpg 1024w, https:\/\/agora.xtec.cat\/iesmiramar\/wp-content\/uploads\/usu968\/2016\/11\/DSC_3260-300x200.jpg 300w, https:\/\/agora.xtec.cat\/iesmiramar\/wp-content\/uploads\/usu968\/2016\/11\/DSC_3260-768x513.jpg 768w, https:\/\/agora.xtec.cat\/iesmiramar\/wp-content\/uploads\/usu968\/2016\/11\/DSC_3260.jpg 1203w\" sizes=\"auto, (max-width: 398px) 100vw, 398px\" \/><\/a><\/p>\n","protected":false},"excerpt":{"rendered":"<p>Els dies 26 i 27 d\u2019octubre els alumnes i professors de la mat\u00e8ria de modalitat de Ci\u00e8ncies de la Terra i del Medi Ambient hem fet un recorregut per la Conca de Tremp i el Montsec, dos dels llocs m\u00e9s emblem\u00e0tics pel seu inter\u00e8s geol\u00f2gic&hellip;  <a href=\"https:\/\/agora.xtec.cat\/iesmiramar\/portada\/recorregut-per-la-conca-de-tremp-i-el-montsec\/\" title=\"Read Recorregut per la Conca de Tremp i el Montsec\">Llegeix m\u00e9s\u00bb<\/a><\/p>\n","protected":false},"author":31,"featured_media":1068,"comment_status":"open","ping_status":"open","sticky":false,"template":"","format":"standard","meta":{"_bbp_topic_count":0,"_bbp_reply_count":0,"_bbp_total_topic_count":0,"_bbp_total_reply_count":0,"_bbp_voice_count":0,"_bbp_anonymous_reply_count":0,"_bbp_topic_count_hidden":0,"_bbp_reply_count_hidden":0,"_bbp_forum_subforum_count":0,"footnotes":""},"categories":[29],"tags":[],"class_list":["post-1067","post","type-post","status-publish","format-standard","has-post-thumbnail","hentry","category-portada"],"post_mailing_queue_ids":[],"_links":{"self":[{"href":"https:\/\/agora.xtec.cat\/iesmiramar\/wp-json\/wp\/v2\/posts\/1067","targetHints":{"allow":["GET"]}}],"collection":[{"href":"https:\/\/agora.xtec.cat\/iesmiramar\/wp-json\/wp\/v2\/posts"}],"about":[{"href":"https:\/\/agora.xtec.cat\/iesmiramar\/wp-json\/wp\/v2\/types\/post"}],"author":[{"embeddable":true,"href":"https:\/\/agora.xtec.cat\/iesmiramar\/wp-json\/wp\/v2\/users\/31"}],"replies":[{"embeddable":true,"href":"https:\/\/agora.xtec.cat\/iesmiramar\/wp-json\/wp\/v2\/comments?post=1067"}],"version-history":[{"count":1,"href":"https:\/\/agora.xtec.cat\/iesmiramar\/wp-json\/wp\/v2\/posts\/1067\/revisions"}],"predecessor-version":[{"id":1072,"href":"https:\/\/agora.xtec.cat\/iesmiramar\/wp-json\/wp\/v2\/posts\/1067\/revisions\/1072"}],"wp:featuredmedia":[{"embeddable":true,"href":"https:\/\/agora.xtec.cat\/iesmiramar\/wp-json\/wp\/v2\/media\/1068"}],"wp:attachment":[{"href":"https:\/\/agora.xtec.cat\/iesmiramar\/wp-json\/wp\/v2\/media?parent=1067"}],"wp:term":[{"taxonomy":"category","embeddable":true,"href":"https:\/\/agora.xtec.cat\/iesmiramar\/wp-json\/wp\/v2\/categories?post=1067"},{"taxonomy":"post_tag","embeddable":true,"href":"https:\/\/agora.xtec.cat\/iesmiramar\/wp-json\/wp\/v2\/tags?post=1067"}],"curies":[{"name":"wp","href":"https:\/\/api.w.org\/{rel}","templated":true}]}}