{"id":1032,"date":"2016-10-20T13:11:22","date_gmt":"2016-10-20T12:11:22","guid":{"rendered":"http:\/\/agora.xtec.cat\/iesmiramar\/?p=1032"},"modified":"2016-10-26T16:55:02","modified_gmt":"2016-10-26T14:55:02","slug":"xerrada-a-lins-miramar-del-consol-general-dalemanya-en-barcelona","status":"publish","type":"post","link":"https:\/\/agora.xtec.cat\/iesmiramar\/general\/xerrada-a-lins-miramar-del-consol-general-dalemanya-en-barcelona\/","title":{"rendered":"Xerrada a l&#8217;INS Miramar del C\u00f2nsol General d\u2019Alemanya en Barcelona"},"content":{"rendered":"<p>Aquest dimarts, 11 d\u2019octubre, els nostres alumnes de 1r i 2n de Batxillerat han participat en una xerrada\/col\u00b7loqui amb el Sr. Rainer Eberle, C\u00f2nsol General d\u2019Alemany en Barcelona.<\/p>\n<p>Els alumnes han tingut l\u2019oportunitat de debatir amb el Sr. Eberle sobre el futur de la unitat d\u2019Europa, i el paper i la responsabilitat d\u2019Alemanya a Europa.<\/p>\n<p>Aquest acte s\u2019enmarca dintre de l\u2019exposici\u00f3 itinerant \u201cGuerra Freda: causes, hist\u00f2ria, conseq\u00fc\u00e8ncies\u201d (<em>Der Kalte Krieg: Ursachen, Geschichte, Folgen<\/em>) que l\u2019INS Miramar ha acollit des del 28 de setembre fins al 13 de novembre, gr\u00e0cies a la col\u00b7laboraci\u00f3 del Consolat d\u2019Alemanya a Barcelona.<\/p>\n","protected":false},"excerpt":{"rendered":"<p>Aquest dimarts, 11 d\u2019octubre, els nostres alumnes de 1r i 2n de Batxillerat han participat en una xerrada\/col\u00b7loqui amb el Sr. Rainer Eberle, C\u00f2nsol General d\u2019Alemany en Barcelona.<br \/>\nEls alumnes han tingut l\u2019oportunitat de debatir amb el Sr. Eberle sobre el futur de la unitat d\u2019Europa,&hellip;  <a href=\"https:\/\/agora.xtec.cat\/iesmiramar\/general\/xerrada-a-lins-miramar-del-consol-general-dalemanya-en-barcelona\/\" title=\"Read Xerrada a l&#8217;INS Miramar del C\u00f2nsol General d\u2019Alemanya en Barcelona\">Llegeix m\u00e9s\u00bb<\/a><\/p>\n","protected":false},"author":13,"featured_media":1041,"comment_status":"open","ping_status":"open","sticky":false,"template":"","format":"standard","meta":{"_bbp_topic_count":0,"_bbp_reply_count":0,"_bbp_total_topic_count":0,"_bbp_total_reply_count":0,"_bbp_voice_count":0,"_bbp_anonymous_reply_count":0,"_bbp_topic_count_hidden":0,"_bbp_reply_count_hidden":0,"_bbp_forum_subforum_count":0,"footnotes":""},"categories":[1,29],"tags":[],"class_list":["post-1032","post","type-post","status-publish","format-standard","has-post-thumbnail","hentry","category-general","category-portada"],"post_mailing_queue_ids":[],"_links":{"self":[{"href":"https:\/\/agora.xtec.cat\/iesmiramar\/wp-json\/wp\/v2\/posts\/1032","targetHints":{"allow":["GET"]}}],"collection":[{"href":"https:\/\/agora.xtec.cat\/iesmiramar\/wp-json\/wp\/v2\/posts"}],"about":[{"href":"https:\/\/agora.xtec.cat\/iesmiramar\/wp-json\/wp\/v2\/types\/post"}],"author":[{"embeddable":true,"href":"https:\/\/agora.xtec.cat\/iesmiramar\/wp-json\/wp\/v2\/users\/13"}],"replies":[{"embeddable":true,"href":"https:\/\/agora.xtec.cat\/iesmiramar\/wp-json\/wp\/v2\/comments?post=1032"}],"version-history":[{"count":3,"href":"https:\/\/agora.xtec.cat\/iesmiramar\/wp-json\/wp\/v2\/posts\/1032\/revisions"}],"predecessor-version":[{"id":1037,"href":"https:\/\/agora.xtec.cat\/iesmiramar\/wp-json\/wp\/v2\/posts\/1032\/revisions\/1037"}],"wp:featuredmedia":[{"embeddable":true,"href":"https:\/\/agora.xtec.cat\/iesmiramar\/wp-json\/wp\/v2\/media\/1041"}],"wp:attachment":[{"href":"https:\/\/agora.xtec.cat\/iesmiramar\/wp-json\/wp\/v2\/media?parent=1032"}],"wp:term":[{"taxonomy":"category","embeddable":true,"href":"https:\/\/agora.xtec.cat\/iesmiramar\/wp-json\/wp\/v2\/categories?post=1032"},{"taxonomy":"post_tag","embeddable":true,"href":"https:\/\/agora.xtec.cat\/iesmiramar\/wp-json\/wp\/v2\/tags?post=1032"}],"curies":[{"name":"wp","href":"https:\/\/api.w.org\/{rel}","templated":true}]}}