{"id":956,"date":"2018-06-18T18:37:33","date_gmt":"2018-06-18T16:37:33","guid":{"rendered":"http:\/\/agora.xtec.cat\/iesmiquelcrusafont\/?p=956"},"modified":"2019-06-24T19:47:43","modified_gmt":"2019-06-24T17:47:43","slug":"estreno-de-la-obra-va-de-cine","status":"publish","type":"post","link":"https:\/\/agora.xtec.cat\/iesmiquelcrusafont\/general\/estreno-de-la-obra-va-de-cine\/","title":{"rendered":"ESTRENO DE LA OBRA &#8220;VA DE &#8230;CINE&#8221;"},"content":{"rendered":"<p>El viernes 8 de junio estrenamos nuestra obra de teatro: \u201cVa de\u2026cine\u201d.<\/p>\n<p>La idea surgi\u00f3 a partir de la conmemoraci\u00f3n de los 120 a\u00f1os de la invenci\u00f3n del cinemat\u00f3grafo. Por esta raz\u00f3n los presentadores de la obra fueron los hermanos \u201cLumi\u00e8re\u201d. Con su \u201ctoc toc\u201d ellos sacaron al actor o a la actriz que todos llevamos dentro. Este proyecto nos ha llevado pr\u00e1cticamente un curso. Algunos alumnos de tercero (la mayor\u00eda de 3R4) trabajaron el texto en las clases de lengua castellana con Montse Vidal, mientras que otros alumnos de 2\u00baESO practicaron las coreograf\u00edas con Rolanda S\u00e1ez. Adem\u00e1s tuvimos la colaboraci\u00f3n especial de Marta Vit\u00f3. Por \u00faltimo, pero no por ello, menos importante la responsable del sonido fue la profesora Laura Vives.<\/p>\n<p>Aqu\u00ed pod\u00e9is ver\u2026.\u00a1tach\u00e1n , tach\u00e1n! fotos y algunos videos de nuestra experiencia inolvidable. Agradecemos a todos los que nos ayudaron de una forma u otra en esta locura.<\/p>\n<p>&nbsp;<\/p>\n<p>&nbsp;<\/p>\n<p><a href=\"http:\/\/agora.xtec.cat\/iesmiquelcrusafont\/wp-content\/uploads\/usu1686\/2018\/06\/foto-1.jpg\"><img loading=\"lazy\" decoding=\"async\" class=\"alignnone size-full wp-image-960\" src=\"http:\/\/agora.xtec.cat\/iesmiquelcrusafont\/wp-content\/uploads\/usu1686\/2018\/06\/foto-1.jpg\" alt=\"\" width=\"800\" height=\"531\" srcset=\"https:\/\/agora.xtec.cat\/iesmiquelcrusafont\/wp-content\/uploads\/usu1686\/2018\/06\/foto-1.jpg 800w, https:\/\/agora.xtec.cat\/iesmiquelcrusafont\/wp-content\/uploads\/usu1686\/2018\/06\/foto-1-300x199.jpg 300w, https:\/\/agora.xtec.cat\/iesmiquelcrusafont\/wp-content\/uploads\/usu1686\/2018\/06\/foto-1-768x510.jpg 768w\" sizes=\"auto, (max-width: 800px) 100vw, 800px\" \/><\/a><\/p>\n<p><a href=\"http:\/\/agora.xtec.cat\/iesmiquelcrusafont\/wp-content\/uploads\/usu1686\/2018\/06\/foto-4.jpg\"><img loading=\"lazy\" decoding=\"async\" class=\"alignnone size-full wp-image-963\" src=\"http:\/\/agora.xtec.cat\/iesmiquelcrusafont\/wp-content\/uploads\/usu1686\/2018\/06\/foto-4.jpg\" alt=\"\" width=\"700\" height=\"465\" srcset=\"https:\/\/agora.xtec.cat\/iesmiquelcrusafont\/wp-content\/uploads\/usu1686\/2018\/06\/foto-4.jpg 700w, https:\/\/agora.xtec.cat\/iesmiquelcrusafont\/wp-content\/uploads\/usu1686\/2018\/06\/foto-4-300x199.jpg 300w\" sizes=\"auto, (max-width: 700px) 100vw, 700px\" \/><\/a><\/p>\n<p><a href=\"http:\/\/agora.xtec.cat\/iesmiquelcrusafont\/wp-content\/uploads\/usu1686\/2018\/06\/foto-3.jpg\"><img loading=\"lazy\" decoding=\"async\" class=\"alignnone size-full wp-image-962\" src=\"http:\/\/agora.xtec.cat\/iesmiquelcrusafont\/wp-content\/uploads\/usu1686\/2018\/06\/foto-3.jpg\" alt=\"\" width=\"600\" height=\"398\" srcset=\"https:\/\/agora.xtec.cat\/iesmiquelcrusafont\/wp-content\/uploads\/usu1686\/2018\/06\/foto-3.jpg 600w, https:\/\/agora.xtec.cat\/iesmiquelcrusafont\/wp-content\/uploads\/usu1686\/2018\/06\/foto-3-300x199.jpg 300w\" sizes=\"auto, (max-width: 600px) 100vw, 600px\" \/><\/a><\/p>\n<p><a href=\"http:\/\/agora.xtec.cat\/iesmiquelcrusafont\/wp-content\/uploads\/usu1686\/2018\/06\/foto-2.jpg\"><img loading=\"lazy\" decoding=\"async\" class=\"alignnone size-full wp-image-961\" src=\"http:\/\/agora.xtec.cat\/iesmiquelcrusafont\/wp-content\/uploads\/usu1686\/2018\/06\/foto-2.jpg\" alt=\"\" width=\"700\" height=\"465\" srcset=\"https:\/\/agora.xtec.cat\/iesmiquelcrusafont\/wp-content\/uploads\/usu1686\/2018\/06\/foto-2.jpg 700w, https:\/\/agora.xtec.cat\/iesmiquelcrusafont\/wp-content\/uploads\/usu1686\/2018\/06\/foto-2-300x199.jpg 300w\" sizes=\"auto, (max-width: 700px) 100vw, 700px\" \/><\/a><\/p>\n","protected":false},"excerpt":{"rendered":"<p>El viernes 8 de junio estrenamos nuestra obra de teatro: \u201cVa de\u2026cine\u201d.&hellip;  <a href=\"https:\/\/agora.xtec.cat\/iesmiquelcrusafont\/general\/estreno-de-la-obra-va-de-cine\/\" title=\"Read ESTRENO DE LA OBRA &#8220;VA DE &#8230;CINE&#8221;\">Llegeix m\u00e9s\u00bb<\/a><\/p>\n","protected":false},"author":1,"featured_media":957,"comment_status":"open","ping_status":"closed","sticky":false,"template":"","format":"standard","meta":{"_bbp_topic_count":0,"_bbp_reply_count":0,"_bbp_total_topic_count":0,"_bbp_total_reply_count":0,"_bbp_voice_count":0,"_bbp_anonymous_reply_count":0,"_bbp_topic_count_hidden":0,"_bbp_reply_count_hidden":0,"_bbp_forum_subforum_count":0,"footnotes":""},"categories":[116,104,3,1,112,29],"tags":[],"class_list":["post-956","post","type-post","status-publish","format-standard","has-post-thumbnail","hentry","category-ampa","category-ciencies","category-eso","category-general","category-llengua-castellana","category-portada"],"post_mailing_queue_ids":[],"_links":{"self":[{"href":"https:\/\/agora.xtec.cat\/iesmiquelcrusafont\/wp-json\/wp\/v2\/posts\/956","targetHints":{"allow":["GET"]}}],"collection":[{"href":"https:\/\/agora.xtec.cat\/iesmiquelcrusafont\/wp-json\/wp\/v2\/posts"}],"about":[{"href":"https:\/\/agora.xtec.cat\/iesmiquelcrusafont\/wp-json\/wp\/v2\/types\/post"}],"author":[{"embeddable":true,"href":"https:\/\/agora.xtec.cat\/iesmiquelcrusafont\/wp-json\/wp\/v2\/users\/1"}],"replies":[{"embeddable":true,"href":"https:\/\/agora.xtec.cat\/iesmiquelcrusafont\/wp-json\/wp\/v2\/comments?post=956"}],"version-history":[{"count":3,"href":"https:\/\/agora.xtec.cat\/iesmiquelcrusafont\/wp-json\/wp\/v2\/posts\/956\/revisions"}],"predecessor-version":[{"id":1635,"href":"https:\/\/agora.xtec.cat\/iesmiquelcrusafont\/wp-json\/wp\/v2\/posts\/956\/revisions\/1635"}],"wp:featuredmedia":[{"embeddable":true,"href":"https:\/\/agora.xtec.cat\/iesmiquelcrusafont\/wp-json\/wp\/v2\/media\/957"}],"wp:attachment":[{"href":"https:\/\/agora.xtec.cat\/iesmiquelcrusafont\/wp-json\/wp\/v2\/media?parent=956"}],"wp:term":[{"taxonomy":"category","embeddable":true,"href":"https:\/\/agora.xtec.cat\/iesmiquelcrusafont\/wp-json\/wp\/v2\/categories?post=956"},{"taxonomy":"post_tag","embeddable":true,"href":"https:\/\/agora.xtec.cat\/iesmiquelcrusafont\/wp-json\/wp\/v2\/tags?post=956"}],"curies":[{"name":"wp","href":"https:\/\/api.w.org\/{rel}","templated":true}]}}