{"id":851,"date":"2018-04-05T09:52:44","date_gmt":"2018-04-05T07:52:44","guid":{"rendered":"http:\/\/agora.xtec.cat\/iesmiquelcrusafont\/?p=851"},"modified":"2018-05-13T18:50:34","modified_gmt":"2018-05-13T16:50:34","slug":"jocs-florals-sant-jordi-2018","status":"publish","type":"post","link":"https:\/\/agora.xtec.cat\/iesmiquelcrusafont\/general\/jocs-florals-sant-jordi-2018\/","title":{"rendered":"JOCS FLORALS SANT JORDI 2018"},"content":{"rendered":"<p><span style=\"text-decoration: underline;\"><strong>BASES DEL CONCURS EN LLENGUA CATALANA<\/strong><\/span><\/p>\n<ol>\n<li><strong>S\u2019estableixen tres categories segons el nivell educatiu:<\/strong>\n<ul>\n<li><strong>1a categoria: Primer Cicle d\u2019ESO<\/strong><\/li>\n<li><strong>2a categoria: Segon Cicle d\u2019ESO<\/strong><\/li>\n<li><strong>3a categoria: Batxillerat<\/strong><\/li>\n<\/ul>\n<\/li>\n<li><strong>La participaci\u00f3 al certamen \u00e9s de car\u00e0cter obligatori perqu\u00e8 els treballs puntuaran de cara al tercer trimestre.<\/strong><\/li>\n<li><strong>Cal signar el treball amb pseud\u00f2nim.<\/strong><\/li>\n<\/ol>\n<p><strong>\u00a0\u00a0\u00a0\u00a0\u00a0\u00a0\u00a0\u00a0\u00a0\u00a0\u00a0\u00a0\u00a0\u00a0\u00a0\u00a0\u00a0 -S\u2019haur\u00e0 d\u2019entregar el treball signat amb pseud\u00f2nim.<\/strong><\/p>\n<p><strong>\u00a0\u00a0\u00a0\u00a0\u00a0\u00a0\u00a0\u00a0\u00a0\u00a0\u00a0\u00a0\u00a0\u00a0\u00a0\u00a0 -Cal lliurar un sobre que contindr\u00e0 un paper amb el nom real de l\u2019autor\/a.<\/strong><\/p>\n<p><strong>\u00a0\u00a0\u00a0\u00a0\u00a0\u00a0\u00a0\u00a0\u00a0\u00a0\u00a0\u00a0\u00a0\u00a0 \u00a0 -A la part externa del sobre hi haur\u00e0 el pseud\u00f2nim.<\/strong><\/p>\n<ol start=\"4\">\n<li><strong>Els treballs han de ser individuals i sempre de creaci\u00f3 pr\u00f2pia. Qualsevol c\u00f2pia detectada implicar\u00e0 un zero en el treball trimestral.<\/strong><\/li>\n<li><strong>El tema \u00e9s lliure.<\/strong><\/li>\n<li><strong>G\u00e8neres:<\/strong><\/li>\n<\/ol>\n<ul>\n<li><strong>Primer Cicle: Haik\u00fas<\/strong><\/li>\n<li><strong>Segon Cicle: Cal\u00b7ligrames<\/strong><\/li>\n<li><strong>Batxillerat: Microrelats.<\/strong><\/li>\n<\/ul>\n<ol start=\"7\">\n<li><strong>Caracter\u00edstiques de la presentaci\u00f3<\/strong><\/li>\n<\/ol>\n<ul>\n<li><strong>Batxillerat:<\/strong>\n<ul>\n<li><strong>El text s\u2019ha de presentar en DIN A4, escrit per una sola<\/strong><\/li>\n<li><strong>El cos i la mida de la lletra ha de ser Arial 12.<\/strong><\/li>\n<li><strong>Interlineat 1\u20195<\/strong><\/li>\n<\/ul>\n<\/li>\n<li><strong>ESO:<\/strong>\n<ul>\n<li><strong>S\u2019haur\u00e0 de fer a m\u00e0 en DIN A4.<\/strong><\/li>\n<li><strong>Hi ha de constar el t\u00edtol de l\u2019obra i el pseud\u00f2nim. MAI EL<\/strong><\/li>\n<\/ul>\n<\/li>\n<\/ul>\n<ol start=\"8\">\n<li><strong>Criteris de valoraci\u00f3 del treballs per part del jurat:<u> <\/u><\/strong><\/li>\n<\/ol>\n<p><strong><u>Primer:<\/u> L\u2019originalitat del tema i de la presentaci\u00f3. <\/strong><\/p>\n<p><strong><u>Segon<\/u>: Text adequat al g\u00e8nere.<\/strong><\/p>\n<p><strong><u>Tercer:<\/u> L\u2019adequaci\u00f3 del vocabulari i la correcci\u00f3 ortogr\u00e0fica.<\/strong><\/p>\n<p><strong><u>Quart:<\/u> Una presentaci\u00f3 formal segons les normes establertes en el punt 7.<\/strong><\/p>\n<ol start=\"9\">\n<li><strong>El jurat seleccionar\u00e0 un primer i un segon premi per cada categoria. Els treballs guardonats es penjaran al web de l\u2019institut.<\/strong><\/li>\n<\/ol>\n<p><strong>El jurat estar\u00e0 format pels professors i professores del Departament de Llengua Catalana i Literatura:<\/strong><\/p>\n<ul>\n<li><strong>\u00c0ngela Castro<\/strong><\/li>\n<li><strong>Judith For\u00e9s<\/strong><\/li>\n<li><strong>Vanessa L\u00f3pez<\/strong><\/li>\n<li><strong>Juli\u00e0 Monje<\/strong><\/li>\n<li><strong>Maite V\u00edlchez<\/strong><\/li>\n<\/ul>\n<p><strong>*El seu veredicte ser\u00e0 inapel\u00b7lable.<\/strong><\/p>\n<ol start=\"10\">\n<li><strong>Per poder participar en el certamen, els treballs s\u2019han de lliurar en el termini establert:<\/strong><\/li>\n<\/ol>\n<p><strong>El dia 6 d&#8217;abril de 2018 \u00e9s el darrer dia per al lliurament dels treballs.<\/strong><\/p>\n<p><strong> \u00a0 <\/strong><\/p>\n<p>&nbsp;<\/p>\n<p>&nbsp;<\/p>\n<p>&nbsp;<\/p>\n<p>&nbsp;<\/p>\n","protected":false},"excerpt":{"rendered":"<p>BASES DEL CONCURS EN LLENGUA CATALANA &hellip;  <a href=\"https:\/\/agora.xtec.cat\/iesmiquelcrusafont\/general\/jocs-florals-sant-jordi-2018\/\" title=\"Read JOCS FLORALS SANT JORDI 2018\">Llegeix m\u00e9s\u00bb<\/a><\/p>\n","protected":false},"author":1,"featured_media":854,"comment_status":"open","ping_status":"closed","sticky":false,"template":"","format":"standard","meta":{"_bbp_topic_count":0,"_bbp_reply_count":0,"_bbp_total_topic_count":0,"_bbp_total_reply_count":0,"_bbp_voice_count":0,"_bbp_anonymous_reply_count":0,"_bbp_topic_count_hidden":0,"_bbp_reply_count_hidden":0,"_bbp_forum_subforum_count":0,"footnotes":""},"categories":[8,3,1,111],"tags":[],"class_list":["post-851","post","type-post","status-publish","format-standard","has-post-thumbnail","hentry","category-batxillerat","category-eso","category-general","category-llengua-catalana"],"post_mailing_queue_ids":[],"_links":{"self":[{"href":"https:\/\/agora.xtec.cat\/iesmiquelcrusafont\/wp-json\/wp\/v2\/posts\/851","targetHints":{"allow":["GET"]}}],"collection":[{"href":"https:\/\/agora.xtec.cat\/iesmiquelcrusafont\/wp-json\/wp\/v2\/posts"}],"about":[{"href":"https:\/\/agora.xtec.cat\/iesmiquelcrusafont\/wp-json\/wp\/v2\/types\/post"}],"author":[{"embeddable":true,"href":"https:\/\/agora.xtec.cat\/iesmiquelcrusafont\/wp-json\/wp\/v2\/users\/1"}],"replies":[{"embeddable":true,"href":"https:\/\/agora.xtec.cat\/iesmiquelcrusafont\/wp-json\/wp\/v2\/comments?post=851"}],"version-history":[{"count":3,"href":"https:\/\/agora.xtec.cat\/iesmiquelcrusafont\/wp-json\/wp\/v2\/posts\/851\/revisions"}],"predecessor-version":[{"id":856,"href":"https:\/\/agora.xtec.cat\/iesmiquelcrusafont\/wp-json\/wp\/v2\/posts\/851\/revisions\/856"}],"wp:featuredmedia":[{"embeddable":true,"href":"https:\/\/agora.xtec.cat\/iesmiquelcrusafont\/wp-json\/wp\/v2\/media\/854"}],"wp:attachment":[{"href":"https:\/\/agora.xtec.cat\/iesmiquelcrusafont\/wp-json\/wp\/v2\/media?parent=851"}],"wp:term":[{"taxonomy":"category","embeddable":true,"href":"https:\/\/agora.xtec.cat\/iesmiquelcrusafont\/wp-json\/wp\/v2\/categories?post=851"},{"taxonomy":"post_tag","embeddable":true,"href":"https:\/\/agora.xtec.cat\/iesmiquelcrusafont\/wp-json\/wp\/v2\/tags?post=851"}],"curies":[{"name":"wp","href":"https:\/\/api.w.org\/{rel}","templated":true}]}}