{"id":743,"date":"2018-02-26T21:13:07","date_gmt":"2018-02-26T20:13:07","guid":{"rendered":"http:\/\/agora.xtec.cat\/iesmiquelcrusafont\/?p=743"},"modified":"2018-03-01T20:33:07","modified_gmt":"2018-03-01T19:33:07","slug":"visita-al-macba","status":"publish","type":"post","link":"https:\/\/agora.xtec.cat\/iesmiquelcrusafont\/general\/visita-al-macba\/","title":{"rendered":"Visita al MACBA!"},"content":{"rendered":"<p>L&#8217;alumnat de 4t MO EVIP va anar al MACBA . Va ser molt interessant. Vam fer un taller de dues hores i mitja sobre l&#8217;obra de Joan Brossa, poeta visual. No va ser una visita t\u00edpica, ja que els joves artistes que van dirigir aquest taller, ens van apropar al pensament de Brossa des d&#8217;una s\u00e8rie d&#8217;activitats creatives. Vam actuar, vam cridar, vam parlar alt, vam fer descripcions visuals po\u00e8tiques&#8230; Una bona experi\u00e8ncia.<br \/>\n<a href=\"http:\/\/agora.xtec.cat\/iesmiquelcrusafont\/wp-content\/uploads\/usu1686\/2018\/02\/Macba.png\"><img loading=\"lazy\" decoding=\"async\" class=\"alignnone size-full wp-image-746\" src=\"http:\/\/agora.xtec.cat\/iesmiquelcrusafont\/wp-content\/uploads\/usu1686\/2018\/02\/Macba.png\" alt=\"\" width=\"720\" height=\"600\" srcset=\"https:\/\/agora.xtec.cat\/iesmiquelcrusafont\/wp-content\/uploads\/usu1686\/2018\/02\/Macba.png 720w, https:\/\/agora.xtec.cat\/iesmiquelcrusafont\/wp-content\/uploads\/usu1686\/2018\/02\/Macba-300x250.png 300w\" sizes=\"auto, (max-width: 720px) 100vw, 720px\" \/><\/a><\/p>\n","protected":false},"excerpt":{"rendered":"<p>L&#8217;alumnat de 4t MO EVIP va anar al MACBA . Va ser molt interessant. Vam fer un taller de dues hores i mitja sobre l&#8217;obra de Joan Brossa, poeta visual. No va ser una visita t\u00edpica, ja que els joves artistes que van dirigir aquest&hellip;  <a href=\"https:\/\/agora.xtec.cat\/iesmiquelcrusafont\/general\/visita-al-macba\/\" title=\"Read Visita al MACBA!\">Llegeix m\u00e9s\u00bb<\/a><\/p>\n","protected":false},"author":1,"featured_media":746,"comment_status":"open","ping_status":"closed","sticky":false,"template":"","format":"standard","meta":{"_bbp_topic_count":0,"_bbp_reply_count":0,"_bbp_total_topic_count":0,"_bbp_total_reply_count":0,"_bbp_voice_count":0,"_bbp_anonymous_reply_count":0,"_bbp_topic_count_hidden":0,"_bbp_reply_count_hidden":0,"_bbp_forum_subforum_count":0,"footnotes":""},"categories":[7,109,1,29],"tags":[],"class_list":["post-743","post","type-post","status-publish","format-standard","has-post-thumbnail","hentry","category-eso-4","category-diversitat","category-general","category-portada"],"post_mailing_queue_ids":[],"_links":{"self":[{"href":"https:\/\/agora.xtec.cat\/iesmiquelcrusafont\/wp-json\/wp\/v2\/posts\/743","targetHints":{"allow":["GET"]}}],"collection":[{"href":"https:\/\/agora.xtec.cat\/iesmiquelcrusafont\/wp-json\/wp\/v2\/posts"}],"about":[{"href":"https:\/\/agora.xtec.cat\/iesmiquelcrusafont\/wp-json\/wp\/v2\/types\/post"}],"author":[{"embeddable":true,"href":"https:\/\/agora.xtec.cat\/iesmiquelcrusafont\/wp-json\/wp\/v2\/users\/1"}],"replies":[{"embeddable":true,"href":"https:\/\/agora.xtec.cat\/iesmiquelcrusafont\/wp-json\/wp\/v2\/comments?post=743"}],"version-history":[{"count":3,"href":"https:\/\/agora.xtec.cat\/iesmiquelcrusafont\/wp-json\/wp\/v2\/posts\/743\/revisions"}],"predecessor-version":[{"id":748,"href":"https:\/\/agora.xtec.cat\/iesmiquelcrusafont\/wp-json\/wp\/v2\/posts\/743\/revisions\/748"}],"wp:featuredmedia":[{"embeddable":true,"href":"https:\/\/agora.xtec.cat\/iesmiquelcrusafont\/wp-json\/wp\/v2\/media\/746"}],"wp:attachment":[{"href":"https:\/\/agora.xtec.cat\/iesmiquelcrusafont\/wp-json\/wp\/v2\/media?parent=743"}],"wp:term":[{"taxonomy":"category","embeddable":true,"href":"https:\/\/agora.xtec.cat\/iesmiquelcrusafont\/wp-json\/wp\/v2\/categories?post=743"},{"taxonomy":"post_tag","embeddable":true,"href":"https:\/\/agora.xtec.cat\/iesmiquelcrusafont\/wp-json\/wp\/v2\/tags?post=743"}],"curies":[{"name":"wp","href":"https:\/\/api.w.org\/{rel}","templated":true}]}}