{"id":714,"date":"2018-02-14T10:44:24","date_gmt":"2018-02-14T09:44:24","guid":{"rendered":"http:\/\/agora.xtec.cat\/iesmiquelcrusafont\/?p=714"},"modified":"2018-03-01T20:35:10","modified_gmt":"2018-03-01T19:35:10","slug":"exposicio-de-batiks","status":"publish","type":"post","link":"https:\/\/agora.xtec.cat\/iesmiquelcrusafont\/eso\/eso-3\/exposicio-de-batiks\/","title":{"rendered":"Exposici\u00f3 de Batiks"},"content":{"rendered":"<p>Amb els alumnes de 3r de l&#8217;eso de m\u00fasica i evip hem visitat l&#8217; Exposici\u00f3 de Batiks de la Imma Raurich a la Fundaci\u00f3 Bosch i Cardellach.<\/p>\n<p><a href=\"http:\/\/agora.xtec.cat\/iesmiquelcrusafont\/wp-content\/uploads\/usu1686\/2018\/02\/Batics.jpg\"><img loading=\"lazy\" decoding=\"async\" class=\"alignnone size-full wp-image-715\" src=\"http:\/\/agora.xtec.cat\/iesmiquelcrusafont\/wp-content\/uploads\/usu1686\/2018\/02\/Batics.jpg\" alt=\"\" width=\"650\" height=\"400\" srcset=\"https:\/\/agora.xtec.cat\/iesmiquelcrusafont\/wp-content\/uploads\/usu1686\/2018\/02\/Batics.jpg 650w, https:\/\/agora.xtec.cat\/iesmiquelcrusafont\/wp-content\/uploads\/usu1686\/2018\/02\/Batics-300x185.jpg 300w\" sizes=\"auto, (max-width: 650px) 100vw, 650px\" \/><\/a><\/p>\n","protected":false},"excerpt":{"rendered":"<p>Amb els alumnes de 3r de l&#8217;eso de m\u00fasica i evip hem visitat l&#8217; Exposici\u00f3 de Batiks de la Imma Raurich a la Fundaci\u00f3 Bosch i Cardellach.<br \/>\n<a href=\"http:\/\/agora.xtec.cat\/iesmiquelcrusafont\/wp-content\/uploads\/usu1686\/2018\/02\/Batics.jpg\"><\/a><\/p>\n","protected":false},"author":1,"featured_media":0,"comment_status":"open","ping_status":"closed","sticky":false,"template":"","format":"standard","meta":{"_bbp_topic_count":0,"_bbp_reply_count":0,"_bbp_total_topic_count":0,"_bbp_total_reply_count":0,"_bbp_voice_count":0,"_bbp_anonymous_reply_count":0,"_bbp_topic_count_hidden":0,"_bbp_reply_count_hidden":0,"_bbp_forum_subforum_count":0,"footnotes":""},"categories":[6,110,29],"tags":[],"class_list":["post-714","post","type-post","status-publish","format-standard","hentry","category-eso-3","category-expressio","category-portada"],"post_mailing_queue_ids":[],"_links":{"self":[{"href":"https:\/\/agora.xtec.cat\/iesmiquelcrusafont\/wp-json\/wp\/v2\/posts\/714","targetHints":{"allow":["GET"]}}],"collection":[{"href":"https:\/\/agora.xtec.cat\/iesmiquelcrusafont\/wp-json\/wp\/v2\/posts"}],"about":[{"href":"https:\/\/agora.xtec.cat\/iesmiquelcrusafont\/wp-json\/wp\/v2\/types\/post"}],"author":[{"embeddable":true,"href":"https:\/\/agora.xtec.cat\/iesmiquelcrusafont\/wp-json\/wp\/v2\/users\/1"}],"replies":[{"embeddable":true,"href":"https:\/\/agora.xtec.cat\/iesmiquelcrusafont\/wp-json\/wp\/v2\/comments?post=714"}],"version-history":[{"count":1,"href":"https:\/\/agora.xtec.cat\/iesmiquelcrusafont\/wp-json\/wp\/v2\/posts\/714\/revisions"}],"predecessor-version":[{"id":716,"href":"https:\/\/agora.xtec.cat\/iesmiquelcrusafont\/wp-json\/wp\/v2\/posts\/714\/revisions\/716"}],"wp:attachment":[{"href":"https:\/\/agora.xtec.cat\/iesmiquelcrusafont\/wp-json\/wp\/v2\/media?parent=714"}],"wp:term":[{"taxonomy":"category","embeddable":true,"href":"https:\/\/agora.xtec.cat\/iesmiquelcrusafont\/wp-json\/wp\/v2\/categories?post=714"},{"taxonomy":"post_tag","embeddable":true,"href":"https:\/\/agora.xtec.cat\/iesmiquelcrusafont\/wp-json\/wp\/v2\/tags?post=714"}],"curies":[{"name":"wp","href":"https:\/\/api.w.org\/{rel}","templated":true}]}}