{"id":4574,"date":"2026-04-15T19:36:00","date_gmt":"2026-04-15T17:36:00","guid":{"rendered":"https:\/\/agora.xtec.cat\/iesmiquelcrusafont\/?p=4574"},"modified":"2026-04-22T19:42:11","modified_gmt":"2026-04-22T17:42:11","slug":"visita-escritor-francesc-miralles-3r-eso-y-1o-de-bachillerato","status":"publish","type":"post","link":"https:\/\/agora.xtec.cat\/iesmiquelcrusafont\/eso\/visita-escritor-francesc-miralles-3r-eso-y-1o-de-bachillerato\/","title":{"rendered":"VISITA ESCRITOR FRANCESC MIRALLES -3r ESO Y 1\u00ba DE BACHILLERATO-"},"content":{"rendered":"<h5 style=\"text-align: justify;\"><span style=\"color: #000000;\"><strong>El pasado 14 de abril nos visit\u00f3 el escritor Francesc Miralles, autor de unos 100 libros de tem\u00e1tica variada. En concreto nuestro alumnado de 3\u00bade ESO y 1\u00ba de Bachillerato ha le\u00eddo en las clases de castellano \u201cEl peque\u00f1o Ikigai\u201d, todo un best-seller de autoayuda, cuya versi\u00f3n adulta ha sido traducida a 70 idiomas.<\/strong><\/span><\/h5>\n<h5 style=\"text-align: justify;\"><span style=\"color: #000000;\"><strong>\u00a1Qu\u00e9 gran expectaci\u00f3n gener\u00f3 su visita en el Miquel Crusafont!<\/strong><\/span><\/h5>\n<h5 style=\"text-align: justify;\"><span style=\"color: #000000;\"><strong>Asistieron al evento unos 125 alumnos m\u00e1s algunos profesores. Con tanta afluencia de p\u00fablico y para honrar a tan ilustre conferenciante, la charla tuvo lugar en el Centro C\u00edvico Arrahona-Merinals,\u00a0 Desde su escenario Francesc Miralles demostr\u00f3 ser un gran comunicador y respondi\u00f3 a las preguntas de sus lectores.<\/strong><\/span><\/h5>\n<h5 style=\"text-align: justify;\"><span style=\"color: #000000;\"><strong>\u00bfQuieres saber lo que es Ikigai? Una pista: el\u00a0ikigai\u00a0(\u751f\u304d\u7532\u6590) es un concepto japon\u00e9s que se traduce como\u00a0\u201craz\u00f3n de ser\u201d o \u201cmotivo para levantarse cada ma\u00f1ana\u201d. Pero Ikigai es mucho m\u00e1s y nuestros alumnos lo saben. \u00bfY t\u00fa? Si quieres averiguarlo te recomendamos que leas \u201cEl peque\u00f1o Ikigai\u201d.<\/strong><\/span><\/h5>\n<p>&nbsp;<\/p>\n<p style=\"text-align: left;\"><a href=\"https:\/\/agora.xtec.cat\/iesmiquelcrusafont\/wp-content\/uploads\/usu1686\/2026\/04\/2na-Foto.jpg\"><img loading=\"lazy\" decoding=\"async\" class=\"alignnone size-full wp-image-4576\" src=\"https:\/\/agora.xtec.cat\/iesmiquelcrusafont\/wp-content\/uploads\/usu1686\/2026\/04\/2na-Foto.jpg\" alt=\"\" width=\"500\" height=\"667\" srcset=\"https:\/\/agora.xtec.cat\/iesmiquelcrusafont\/wp-content\/uploads\/usu1686\/2026\/04\/2na-Foto.jpg 500w, https:\/\/agora.xtec.cat\/iesmiquelcrusafont\/wp-content\/uploads\/usu1686\/2026\/04\/2na-Foto-225x300.jpg 225w\" sizes=\"auto, (max-width: 500px) 100vw, 500px\" \/><\/a><\/p>\n<p>&nbsp;<\/p>\n<p style=\"text-align: right;\"><a href=\"https:\/\/agora.xtec.cat\/iesmiquelcrusafont\/wp-content\/uploads\/usu1686\/2026\/04\/1r-Foto.jpg\"><img loading=\"lazy\" decoding=\"async\" class=\"alignnone size-full wp-image-4577\" src=\"https:\/\/agora.xtec.cat\/iesmiquelcrusafont\/wp-content\/uploads\/usu1686\/2026\/04\/1r-Foto.jpg\" alt=\"\" width=\"600\" height=\"450\" srcset=\"https:\/\/agora.xtec.cat\/iesmiquelcrusafont\/wp-content\/uploads\/usu1686\/2026\/04\/1r-Foto.jpg 600w, https:\/\/agora.xtec.cat\/iesmiquelcrusafont\/wp-content\/uploads\/usu1686\/2026\/04\/1r-Foto-300x225.jpg 300w, https:\/\/agora.xtec.cat\/iesmiquelcrusafont\/wp-content\/uploads\/usu1686\/2026\/04\/1r-Foto-200x150.jpg 200w\" sizes=\"auto, (max-width: 600px) 100vw, 600px\" \/><\/a><\/p>\n","protected":false},"excerpt":{"rendered":"<p>El pasado 14 de abril nos visit\u00f3 el escritor Francesc Miralles, autor de unos 100 libros de tem\u00e1tica variada&#8230;&hellip;  <a href=\"https:\/\/agora.xtec.cat\/iesmiquelcrusafont\/eso\/visita-escritor-francesc-miralles-3r-eso-y-1o-de-bachillerato\/\" title=\"Read VISITA ESCRITOR FRANCESC MIRALLES -3r ESO Y 1\u00ba DE BACHILLERATO-\">Llegeix m\u00e9s\u00bb<\/a><\/p>\n","protected":false},"author":1,"featured_media":4575,"comment_status":"open","ping_status":"open","sticky":false,"template":"","format":"standard","meta":{"_bbp_topic_count":0,"_bbp_reply_count":0,"_bbp_total_topic_count":0,"_bbp_total_reply_count":0,"_bbp_voice_count":0,"_bbp_anonymous_reply_count":0,"_bbp_topic_count_hidden":0,"_bbp_reply_count_hidden":0,"_bbp_forum_subforum_count":0,"footnotes":""},"categories":[6,8,3,112,29],"tags":[],"class_list":["post-4574","post","type-post","status-publish","format-standard","has-post-thumbnail","hentry","category-eso-3","category-batxillerat","category-eso","category-llengua-castellana","category-portada"],"post_mailing_queue_ids":[],"_links":{"self":[{"href":"https:\/\/agora.xtec.cat\/iesmiquelcrusafont\/wp-json\/wp\/v2\/posts\/4574","targetHints":{"allow":["GET"]}}],"collection":[{"href":"https:\/\/agora.xtec.cat\/iesmiquelcrusafont\/wp-json\/wp\/v2\/posts"}],"about":[{"href":"https:\/\/agora.xtec.cat\/iesmiquelcrusafont\/wp-json\/wp\/v2\/types\/post"}],"author":[{"embeddable":true,"href":"https:\/\/agora.xtec.cat\/iesmiquelcrusafont\/wp-json\/wp\/v2\/users\/1"}],"replies":[{"embeddable":true,"href":"https:\/\/agora.xtec.cat\/iesmiquelcrusafont\/wp-json\/wp\/v2\/comments?post=4574"}],"version-history":[{"count":3,"href":"https:\/\/agora.xtec.cat\/iesmiquelcrusafont\/wp-json\/wp\/v2\/posts\/4574\/revisions"}],"predecessor-version":[{"id":4581,"href":"https:\/\/agora.xtec.cat\/iesmiquelcrusafont\/wp-json\/wp\/v2\/posts\/4574\/revisions\/4581"}],"wp:featuredmedia":[{"embeddable":true,"href":"https:\/\/agora.xtec.cat\/iesmiquelcrusafont\/wp-json\/wp\/v2\/media\/4575"}],"wp:attachment":[{"href":"https:\/\/agora.xtec.cat\/iesmiquelcrusafont\/wp-json\/wp\/v2\/media?parent=4574"}],"wp:term":[{"taxonomy":"category","embeddable":true,"href":"https:\/\/agora.xtec.cat\/iesmiquelcrusafont\/wp-json\/wp\/v2\/categories?post=4574"},{"taxonomy":"post_tag","embeddable":true,"href":"https:\/\/agora.xtec.cat\/iesmiquelcrusafont\/wp-json\/wp\/v2\/tags?post=4574"}],"curies":[{"name":"wp","href":"https:\/\/api.w.org\/{rel}","templated":true}]}}