{"id":4405,"date":"2025-09-05T20:20:00","date_gmt":"2025-09-05T18:20:00","guid":{"rendered":"https:\/\/agora.xtec.cat\/iesmiquelcrusafont\/?p=4405"},"modified":"2025-09-05T20:21:49","modified_gmt":"2025-09-05T18:21:49","slug":"alex-cinto-amb-una-de-les-millors-notes-de-la-selectivitat-a-sabadell","status":"publish","type":"post","link":"https:\/\/agora.xtec.cat\/iesmiquelcrusafont\/general\/alex-cinto-amb-una-de-les-millors-notes-de-la-selectivitat-a-sabadell\/","title":{"rendered":"\u00c0LEX CINTO, AMB UNA DE LES MILLORS NOTES DE LA SELECTIVITAT A SABADELL"},"content":{"rendered":"<div>\n<h5 style=\"text-align: justify;\">El Sal\u00f3 del Teatre Principal ha estat avui seu del reconeixement a l\u2019alumnat de la ciutat amb millors qualificacions a la prova d\u2019acc\u00e9s a la universitat (PAU) del 2025. En aquesta edici\u00f3, l\u2019homenatge s\u2019ha ampliat i ha distingit un total de 20 estudiants, tot reconeixent els nois i noies amb les notes m\u00e9s altes de cadascun dels centres educatius que imparteixen batxillerat a Sabadell, aix\u00ed com un estudiant del programa Batxibac.<\/h5>\n<\/div>\n<p style=\"text-align: center;\"><a href=\"https:\/\/agora.xtec.cat\/iesmiquelcrusafont\/wp-content\/uploads\/usu1686\/2025\/09\/Reconeixement-Selectivitat-1.jpg\"><img loading=\"lazy\" decoding=\"async\" class=\"wp-image-4407 aligncenter\" src=\"https:\/\/agora.xtec.cat\/iesmiquelcrusafont\/wp-content\/uploads\/usu1686\/2025\/09\/Reconeixement-Selectivitat-1.jpg\" alt=\"\" width=\"701\" height=\"389\" srcset=\"https:\/\/agora.xtec.cat\/iesmiquelcrusafont\/wp-content\/uploads\/usu1686\/2025\/09\/Reconeixement-Selectivitat-1.jpg 862w, https:\/\/agora.xtec.cat\/iesmiquelcrusafont\/wp-content\/uploads\/usu1686\/2025\/09\/Reconeixement-Selectivitat-1-300x166.jpg 300w, https:\/\/agora.xtec.cat\/iesmiquelcrusafont\/wp-content\/uploads\/usu1686\/2025\/09\/Reconeixement-Selectivitat-1-768x426.jpg 768w\" sizes=\"auto, (max-width: 701px) 100vw, 701px\" \/><\/a><\/p>\n<div>\n<h5 style=\"text-align: justify;\">L\u2019acte ha comptat amb la pres\u00e8ncia de l\u2019alcaldessa de Sabadell, Marta Farr\u00e9s, del regidor d\u2019Educaci\u00f3, Manuel Robles i altres representants del consistori, aix\u00ed com de l\u2019alumnat, els seus familiars i representants dels centres educatius.<\/h5>\n<h5 style=\"text-align: justify;\">Amb aquest reconeixement es vol posar en valor l\u2019esfor\u00e7, la const\u00e0ncia i la dedicaci\u00f3 que comporten assolir uns resultats excel\u00b7lents en les proves de selectivitat i alhora fomentar l\u2019excel\u00b7l\u00e8ncia educativa com a motor de futur.<\/h5>\n<\/div>\n<p><span style=\"text-decoration: underline;\"><strong>Informaci\u00f3 completa:\u00a0<\/strong><\/span><\/p>\n<ul>\n<li><strong><a href=\"https:\/\/www.isabadell.cat\/societat\/educacio\/millors-notes-pau-2025\/\">https:\/\/www.isabadell.cat\/societat\/educacio\/millors-notes-pau-2025\/<\/a><\/strong><\/li>\n<li><strong><a href=\"https:\/\/web.sabadell.cat\/actualitat\/notis\/item\/reconeixement-a-l-alumnat-dels-centres-educatius-de-sabadell-amb-les-millors-notes-a-la-prova-d-acces-a-la-universitat\">https:\/\/web.sabadell.cat\/actualitat\/notis\/item\/reconeixement-a-l-alumnat-dels-centres-educatius-de-sabadell-amb-les-millors-notes-a-la-prova-d-acces-a-la-universitat<\/a><\/strong><\/li>\n<\/ul>\n","protected":false},"excerpt":{"rendered":"<p>El Sal\u00f3 del Teatre Principal ha estat avui seu del reconeixement a l\u2019alumnat de la ciutat amb millors qualificacions a la prova d\u2019acc\u00e9s a la universitat (PAU) del 2025&hellip;  <a href=\"https:\/\/agora.xtec.cat\/iesmiquelcrusafont\/general\/alex-cinto-amb-una-de-les-millors-notes-de-la-selectivitat-a-sabadell\/\" title=\"Read \u00c0LEX CINTO, AMB UNA DE LES MILLORS NOTES DE LA SELECTIVITAT A SABADELL\">Llegeix m\u00e9s\u00bb<\/a><\/p>\n","protected":false},"author":1,"featured_media":4406,"comment_status":"open","ping_status":"open","sticky":false,"template":"","format":"standard","meta":{"_bbp_topic_count":0,"_bbp_reply_count":0,"_bbp_total_topic_count":0,"_bbp_total_reply_count":0,"_bbp_voice_count":0,"_bbp_anonymous_reply_count":0,"_bbp_topic_count_hidden":0,"_bbp_reply_count_hidden":0,"_bbp_forum_subforum_count":0,"footnotes":""},"categories":[8,1,29],"tags":[],"class_list":["post-4405","post","type-post","status-publish","format-standard","has-post-thumbnail","hentry","category-batxillerat","category-general","category-portada"],"post_mailing_queue_ids":[],"_links":{"self":[{"href":"https:\/\/agora.xtec.cat\/iesmiquelcrusafont\/wp-json\/wp\/v2\/posts\/4405","targetHints":{"allow":["GET"]}}],"collection":[{"href":"https:\/\/agora.xtec.cat\/iesmiquelcrusafont\/wp-json\/wp\/v2\/posts"}],"about":[{"href":"https:\/\/agora.xtec.cat\/iesmiquelcrusafont\/wp-json\/wp\/v2\/types\/post"}],"author":[{"embeddable":true,"href":"https:\/\/agora.xtec.cat\/iesmiquelcrusafont\/wp-json\/wp\/v2\/users\/1"}],"replies":[{"embeddable":true,"href":"https:\/\/agora.xtec.cat\/iesmiquelcrusafont\/wp-json\/wp\/v2\/comments?post=4405"}],"version-history":[{"count":5,"href":"https:\/\/agora.xtec.cat\/iesmiquelcrusafont\/wp-json\/wp\/v2\/posts\/4405\/revisions"}],"predecessor-version":[{"id":4412,"href":"https:\/\/agora.xtec.cat\/iesmiquelcrusafont\/wp-json\/wp\/v2\/posts\/4405\/revisions\/4412"}],"wp:featuredmedia":[{"embeddable":true,"href":"https:\/\/agora.xtec.cat\/iesmiquelcrusafont\/wp-json\/wp\/v2\/media\/4406"}],"wp:attachment":[{"href":"https:\/\/agora.xtec.cat\/iesmiquelcrusafont\/wp-json\/wp\/v2\/media?parent=4405"}],"wp:term":[{"taxonomy":"category","embeddable":true,"href":"https:\/\/agora.xtec.cat\/iesmiquelcrusafont\/wp-json\/wp\/v2\/categories?post=4405"},{"taxonomy":"post_tag","embeddable":true,"href":"https:\/\/agora.xtec.cat\/iesmiquelcrusafont\/wp-json\/wp\/v2\/tags?post=4405"}],"curies":[{"name":"wp","href":"https:\/\/api.w.org\/{rel}","templated":true}]}}