{"id":4231,"date":"2025-03-21T14:21:24","date_gmt":"2025-03-21T13:21:24","guid":{"rendered":"https:\/\/agora.xtec.cat\/iesmiquelcrusafont\/?p=4231"},"modified":"2025-03-21T14:22:42","modified_gmt":"2025-03-21T13:22:42","slug":"premi-recerca-jove-2024","status":"publish","type":"post","link":"https:\/\/agora.xtec.cat\/iesmiquelcrusafont\/general\/premi-recerca-jove-2024\/","title":{"rendered":"PREMI RECERCA JOVE 2024"},"content":{"rendered":"<h4><span style=\"color: #000000;\"><b>Premi Recerca Jove 2024\u00a0<\/b><\/span><\/h4>\n<h4><span style=\"color: #000000;\"><b>\u00a0<\/b><\/span><\/h4>\n<h4 style=\"text-align: justify;\"><span style=\"color: #000000;\"><strong>Ivette Jim\u00e9nez\u00a0ha guanyat el Premi Recerca Jove (PRJ, nous premis CIRIT) per fomentar\u00a0l\u2019esperit\u00a0cient\u00edfic del jovent (PRJ 2024), atorgat per l\u2019Ag\u00e8ncia de Gesti\u00f3\u00a0d\u2019Ajuts\u00a0Universitaris i de Recerca de la Generalitat de Catalunya, amb el seu treball de recerca: \u201cFabricaci\u00f3 additiva: el braille desafia l\u00edmits, la tecnologia possibilita la inclusi\u00f3\u201d.<\/strong>\u00a0<\/span><\/h4>\n<p>&nbsp;<\/p>\n<p style=\"text-align: left;\"><a href=\"https:\/\/agora.xtec.cat\/iesmiquelcrusafont\/wp-content\/uploads\/usu1686\/2025\/03\/Foto-Guanyadora.jpg\"><img loading=\"lazy\" decoding=\"async\" class=\"alignnone size-full wp-image-4232\" src=\"https:\/\/agora.xtec.cat\/iesmiquelcrusafont\/wp-content\/uploads\/usu1686\/2025\/03\/Foto-Guanyadora.jpg\" alt=\"\" width=\"208\" height=\"333\" srcset=\"https:\/\/agora.xtec.cat\/iesmiquelcrusafont\/wp-content\/uploads\/usu1686\/2025\/03\/Foto-Guanyadora.jpg 208w, https:\/\/agora.xtec.cat\/iesmiquelcrusafont\/wp-content\/uploads\/usu1686\/2025\/03\/Foto-Guanyadora-187x300.jpg 187w\" sizes=\"auto, (max-width: 208px) 100vw, 208px\" \/><\/a><\/p>\n<div>\n<h4 style=\"text-align: right;\"><strong><em><span style=\"color: #000000;\">Moltes Felicitats Ivette!!!<\/span><\/em><\/strong><\/h4>\n<\/div>\n","protected":false},"excerpt":{"rendered":"<p>Ivette Jim\u00e9nez guanyadors del Premi Recerca Jove..&hellip;  <a href=\"https:\/\/agora.xtec.cat\/iesmiquelcrusafont\/general\/premi-recerca-jove-2024\/\" title=\"Read PREMI RECERCA JOVE 2024\">Llegeix m\u00e9s\u00bb<\/a><\/p>\n","protected":false},"author":1,"featured_media":4234,"comment_status":"open","ping_status":"closed","sticky":false,"template":"","format":"standard","meta":{"_bbp_topic_count":0,"_bbp_reply_count":0,"_bbp_total_topic_count":0,"_bbp_total_reply_count":0,"_bbp_voice_count":0,"_bbp_anonymous_reply_count":0,"_bbp_topic_count_hidden":0,"_bbp_reply_count_hidden":0,"_bbp_forum_subforum_count":0,"footnotes":""},"categories":[8,1,29,115],"tags":[],"class_list":["post-4231","post","type-post","status-publish","format-standard","has-post-thumbnail","hentry","category-batxillerat","category-general","category-portada","category-tecnologia"],"post_mailing_queue_ids":[],"_links":{"self":[{"href":"https:\/\/agora.xtec.cat\/iesmiquelcrusafont\/wp-json\/wp\/v2\/posts\/4231","targetHints":{"allow":["GET"]}}],"collection":[{"href":"https:\/\/agora.xtec.cat\/iesmiquelcrusafont\/wp-json\/wp\/v2\/posts"}],"about":[{"href":"https:\/\/agora.xtec.cat\/iesmiquelcrusafont\/wp-json\/wp\/v2\/types\/post"}],"author":[{"embeddable":true,"href":"https:\/\/agora.xtec.cat\/iesmiquelcrusafont\/wp-json\/wp\/v2\/users\/1"}],"replies":[{"embeddable":true,"href":"https:\/\/agora.xtec.cat\/iesmiquelcrusafont\/wp-json\/wp\/v2\/comments?post=4231"}],"version-history":[{"count":1,"href":"https:\/\/agora.xtec.cat\/iesmiquelcrusafont\/wp-json\/wp\/v2\/posts\/4231\/revisions"}],"predecessor-version":[{"id":4233,"href":"https:\/\/agora.xtec.cat\/iesmiquelcrusafont\/wp-json\/wp\/v2\/posts\/4231\/revisions\/4233"}],"wp:featuredmedia":[{"embeddable":true,"href":"https:\/\/agora.xtec.cat\/iesmiquelcrusafont\/wp-json\/wp\/v2\/media\/4234"}],"wp:attachment":[{"href":"https:\/\/agora.xtec.cat\/iesmiquelcrusafont\/wp-json\/wp\/v2\/media?parent=4231"}],"wp:term":[{"taxonomy":"category","embeddable":true,"href":"https:\/\/agora.xtec.cat\/iesmiquelcrusafont\/wp-json\/wp\/v2\/categories?post=4231"},{"taxonomy":"post_tag","embeddable":true,"href":"https:\/\/agora.xtec.cat\/iesmiquelcrusafont\/wp-json\/wp\/v2\/tags?post=4231"}],"curies":[{"name":"wp","href":"https:\/\/api.w.org\/{rel}","templated":true}]}}