{"id":4104,"date":"2025-01-09T19:34:10","date_gmt":"2025-01-09T18:34:10","guid":{"rendered":"https:\/\/agora.xtec.cat\/iesmiquelcrusafont\/?p=4104"},"modified":"2025-01-09T19:38:47","modified_gmt":"2025-01-09T18:38:47","slug":"sabrina-malet-triada-pel-projecte-ambassador-for-a-day","status":"publish","type":"post","link":"https:\/\/agora.xtec.cat\/iesmiquelcrusafont\/general\/sabrina-malet-triada-pel-projecte-ambassador-for-a-day\/","title":{"rendered":"SABRINA MALET TRIADA PEL PROJECTE AMBASSADOR FOR A DAY"},"content":{"rendered":"<h5><span style=\"text-decoration: underline; color: #000000;\"><strong>Sabrina Malet triada pel projecte Ambassador for a day.<\/strong><\/span><\/h5>\n<h5 style=\"font-weight: 400; text-align: justify;\"><span style=\"color: #000000;\"><strong>Totes les nostres felicitacions a la Sabrina Malet, alumna de 2n de batxillerat per formar part de les 15 joves triades de tota Espanya per participar en el programa \u2018Ambassador for a day\u2019 organitzat per l&#8217;Ambaixada Brit\u00e0nica.<\/strong><\/span><\/h5>\n<h5 style=\"font-weight: 400; text-align: justify;\"><span style=\"color: #000000;\"><strong>La Sabrina estar\u00e0 convidada a visitar l&#8217;Ambaixada del Regne Unit a Madrid on podr\u00e0 participar en v\u00e0ries activitats, xerrades i visites, Amb l&#8217;objectiu d&#8217;aproximar el mon de la diplom\u00e0cia a les joves.<\/strong><\/span><\/h5>\n<h5 style=\"font-weight: 400; text-align: justify;\"><span style=\"color: #000000;\"><strong>El tema d&#8217;aquest any \u00e9s\u00a0 \u2018La participaci\u00f3 de les joves en l&#8217;esport\u2019. Aqu\u00ed us compartim el v\u00eddeo on la Sabrina responia a la pregunta &#8220;si tinguessis l&#8217;oportunitat de ser lideressa per un dia, quines accions portaries a terme per fomentar una major participaci\u00f3 en l&#8217;esport entre les joves de la teva comunitat i amb el qual ha estat una de les guanyadores del programa.<\/strong><\/span><\/h5>\n<p>&nbsp;<\/p>\n<p style=\"text-align: center;\"><iframe loading=\"lazy\" title=\"YouTube video player\" src=\"https:\/\/www.youtube.com\/embed\/3oMJJGVOMg4?si=cBsp3NtRcJY36lCz\" width=\"560\" height=\"315\" frameborder=\"0\" allowfullscreen=\"allowfullscreen\"><\/iframe><\/p>\n<p>&nbsp;<\/p>\n<h5 style=\"font-weight: 400; text-align: right;\"><span style=\"color: #000000;\"><strong>Felicitats!!!<\/strong><\/span><\/h5>\n","protected":false},"excerpt":{"rendered":"<p>Totes les nostres felicitacions a la Sabrina Malet, alumna de 2n de batxillerat per formar part de les 15 joves triades de tota Espanya per participar en el programa \u2018Ambassador for a day\u2019 organitzat per l&#8217;Ambaixada Brit\u00e0nica.&hellip;  <a href=\"https:\/\/agora.xtec.cat\/iesmiquelcrusafont\/general\/sabrina-malet-triada-pel-projecte-ambassador-for-a-day\/\" title=\"Read SABRINA MALET TRIADA PEL PROJECTE AMBASSADOR FOR A DAY\">Llegeix m\u00e9s\u00bb<\/a><\/p>\n","protected":false},"author":1,"featured_media":4108,"comment_status":"open","ping_status":"closed","sticky":false,"template":"","format":"standard","meta":{"_bbp_topic_count":0,"_bbp_reply_count":0,"_bbp_total_topic_count":0,"_bbp_total_reply_count":0,"_bbp_voice_count":0,"_bbp_anonymous_reply_count":0,"_bbp_topic_count_hidden":0,"_bbp_reply_count_hidden":0,"_bbp_forum_subforum_count":0,"footnotes":""},"categories":[8,1,29],"tags":[],"class_list":["post-4104","post","type-post","status-publish","format-standard","has-post-thumbnail","hentry","category-batxillerat","category-general","category-portada"],"post_mailing_queue_ids":[],"_links":{"self":[{"href":"https:\/\/agora.xtec.cat\/iesmiquelcrusafont\/wp-json\/wp\/v2\/posts\/4104","targetHints":{"allow":["GET"]}}],"collection":[{"href":"https:\/\/agora.xtec.cat\/iesmiquelcrusafont\/wp-json\/wp\/v2\/posts"}],"about":[{"href":"https:\/\/agora.xtec.cat\/iesmiquelcrusafont\/wp-json\/wp\/v2\/types\/post"}],"author":[{"embeddable":true,"href":"https:\/\/agora.xtec.cat\/iesmiquelcrusafont\/wp-json\/wp\/v2\/users\/1"}],"replies":[{"embeddable":true,"href":"https:\/\/agora.xtec.cat\/iesmiquelcrusafont\/wp-json\/wp\/v2\/comments?post=4104"}],"version-history":[{"count":4,"href":"https:\/\/agora.xtec.cat\/iesmiquelcrusafont\/wp-json\/wp\/v2\/posts\/4104\/revisions"}],"predecessor-version":[{"id":4109,"href":"https:\/\/agora.xtec.cat\/iesmiquelcrusafont\/wp-json\/wp\/v2\/posts\/4104\/revisions\/4109"}],"wp:featuredmedia":[{"embeddable":true,"href":"https:\/\/agora.xtec.cat\/iesmiquelcrusafont\/wp-json\/wp\/v2\/media\/4108"}],"wp:attachment":[{"href":"https:\/\/agora.xtec.cat\/iesmiquelcrusafont\/wp-json\/wp\/v2\/media?parent=4104"}],"wp:term":[{"taxonomy":"category","embeddable":true,"href":"https:\/\/agora.xtec.cat\/iesmiquelcrusafont\/wp-json\/wp\/v2\/categories?post=4104"},{"taxonomy":"post_tag","embeddable":true,"href":"https:\/\/agora.xtec.cat\/iesmiquelcrusafont\/wp-json\/wp\/v2\/tags?post=4104"}],"curies":[{"name":"wp","href":"https:\/\/api.w.org\/{rel}","templated":true}]}}