{"id":4072,"date":"2024-12-05T14:15:36","date_gmt":"2024-12-05T13:15:36","guid":{"rendered":"https:\/\/agora.xtec.cat\/iesmiquelcrusafont\/?p=4072"},"modified":"2024-12-05T14:19:34","modified_gmt":"2024-12-05T13:19:34","slug":"ivette-jimenez-premi-bonaplata-joves-2024","status":"publish","type":"post","link":"https:\/\/agora.xtec.cat\/iesmiquelcrusafont\/general\/ivette-jimenez-premi-bonaplata-joves-2024\/","title":{"rendered":"IVETTE JIM\u00c9NEZ PREMI BONAPLATA JOVES 2024"},"content":{"rendered":"<h5 class=\"gmail_default\" style=\"text-align: justify;\"><span style=\"color: #000000;\"><b>Ivette Jim\u00e9nez premi Bonaplata Joves 2024.<\/b><\/span><\/h5>\n<h5 class=\"gmail_default\" style=\"text-align: justify;\"><\/h5>\n<h5 class=\"gmail_default\" style=\"text-align: justify;\"><strong><span style=\"color: #000000;\">Ivette Jim\u00e9nez ha guanyat el premi Bonaplata Joves 2024, atorgat per\u00a0\u00a0L&#8217;Associaci\u00f3 del Museu de la Ci\u00e8ncia i la T\u00e8cnica i d\u2019Arqueologia Industrial de Catalunya,\u00a0pel seu treball de recerca\u00a0\u00a0sobre\u00a0<em>Fabricaci\u00f3 additiva: El Braille desafia l\u00edmits, la tecnologia facilita la inclusi\u00f3<\/em>, on ha abordat un tema tan necessari com l\u2019accessibilitat per a persones amb discapacitat visual.<\/span><\/strong><\/h5>\n<p>&nbsp;<\/p>\n<p style=\"text-align: center;\"><a href=\"https:\/\/agora.xtec.cat\/iesmiquelcrusafont\/wp-content\/uploads\/usu1686\/2024\/12\/Premi-Bonaplata-1.jpg\"><img loading=\"lazy\" decoding=\"async\" class=\"alignnone size-full wp-image-4074\" src=\"https:\/\/agora.xtec.cat\/iesmiquelcrusafont\/wp-content\/uploads\/usu1686\/2024\/12\/Premi-Bonaplata-1.jpg\" alt=\"\" width=\"800\" height=\"400\" srcset=\"https:\/\/agora.xtec.cat\/iesmiquelcrusafont\/wp-content\/uploads\/usu1686\/2024\/12\/Premi-Bonaplata-1.jpg 800w, https:\/\/agora.xtec.cat\/iesmiquelcrusafont\/wp-content\/uploads\/usu1686\/2024\/12\/Premi-Bonaplata-1-300x150.jpg 300w, https:\/\/agora.xtec.cat\/iesmiquelcrusafont\/wp-content\/uploads\/usu1686\/2024\/12\/Premi-Bonaplata-1-768x384.jpg 768w\" sizes=\"auto, (max-width: 800px) 100vw, 800px\" \/><\/a><\/p>\n<p style=\"text-align: center;\"><a href=\"https:\/\/agora.xtec.cat\/iesmiquelcrusafont\/wp-content\/uploads\/usu1686\/2024\/12\/Premi-Bonaplata-2.jpg\"><img loading=\"lazy\" decoding=\"async\" class=\"alignnone size-full wp-image-4075\" src=\"https:\/\/agora.xtec.cat\/iesmiquelcrusafont\/wp-content\/uploads\/usu1686\/2024\/12\/Premi-Bonaplata-2.jpg\" alt=\"\" width=\"750\" height=\"380\" srcset=\"https:\/\/agora.xtec.cat\/iesmiquelcrusafont\/wp-content\/uploads\/usu1686\/2024\/12\/Premi-Bonaplata-2.jpg 750w, https:\/\/agora.xtec.cat\/iesmiquelcrusafont\/wp-content\/uploads\/usu1686\/2024\/12\/Premi-Bonaplata-2-300x152.jpg 300w\" sizes=\"auto, (max-width: 750px) 100vw, 750px\" \/><\/a><\/p>\n<blockquote class=\"wp-embedded-content\" data-secret=\"ZH94dTgKUP\"><p><a href=\"https:\/\/www.isabadell.cat\/societat\/educacio\/dos-estudiants-sabadellencs-reben-el-premi-joves-bonaplata\/\">Dos estudiants sabadellencs reben el Premi Joves Bonaplata<\/a><\/p><\/blockquote>\n<p><iframe loading=\"lazy\" class=\"wp-embedded-content\" sandbox=\"allow-scripts\" security=\"restricted\" style=\"position: absolute; clip: rect(1px, 1px, 1px, 1px);\" title=\"&#8220;Dos estudiants sabadellencs reben el Premi Joves Bonaplata&#8221; &#8212; iSabadell - El diari digital de Sabadell\" src=\"https:\/\/www.isabadell.cat\/societat\/educacio\/dos-estudiants-sabadellencs-reben-el-premi-joves-bonaplata\/embed\/#?secret=ZbJwWLuCsg#?secret=ZH94dTgKUP\" data-secret=\"ZH94dTgKUP\" width=\"500\" height=\"282\" frameborder=\"0\" marginwidth=\"0\" marginheight=\"0\" scrolling=\"no\"><\/iframe><\/p>\n<p><span style=\"text-decoration: underline;\"><em><strong><a href=\"https:\/\/radiosabadell.fm\/noticia\/els-premis-bonaplata-joves-2024-reconeixen-dos-sabadellencs\" target=\"_blank\" rel=\"noopener\">Noticia de Radio Sabadell<\/a><\/strong><\/em><\/span><\/p>\n","protected":false},"excerpt":{"rendered":"<p>Ivette Jim\u00e9nez ha guanyat el premi Bonaplata Joves 2024, atorgat per\u00a0\u00a0L&#8217;Associaci\u00f3 del Museu de la Ci\u00e8ncia i la T\u00e8cnica i d\u2019Arqueologia Industrial de Catalunya,\u00a0pel seu treball de recerca\u00a0\u00a0sobre\u00a0Fabricaci\u00f3 additiva..&hellip;  <a href=\"https:\/\/agora.xtec.cat\/iesmiquelcrusafont\/general\/ivette-jimenez-premi-bonaplata-joves-2024\/\" title=\"Read IVETTE JIM\u00c9NEZ PREMI BONAPLATA JOVES 2024\">Llegeix m\u00e9s\u00bb<\/a><\/p>\n","protected":false},"author":1,"featured_media":4074,"comment_status":"open","ping_status":"closed","sticky":false,"template":"","format":"standard","meta":{"_bbp_topic_count":0,"_bbp_reply_count":0,"_bbp_total_topic_count":0,"_bbp_total_reply_count":0,"_bbp_voice_count":0,"_bbp_anonymous_reply_count":0,"_bbp_topic_count_hidden":0,"_bbp_reply_count_hidden":0,"_bbp_forum_subforum_count":0,"footnotes":""},"categories":[8,1,29,115],"tags":[],"class_list":["post-4072","post","type-post","status-publish","format-standard","has-post-thumbnail","hentry","category-batxillerat","category-general","category-portada","category-tecnologia"],"post_mailing_queue_ids":[],"_links":{"self":[{"href":"https:\/\/agora.xtec.cat\/iesmiquelcrusafont\/wp-json\/wp\/v2\/posts\/4072","targetHints":{"allow":["GET"]}}],"collection":[{"href":"https:\/\/agora.xtec.cat\/iesmiquelcrusafont\/wp-json\/wp\/v2\/posts"}],"about":[{"href":"https:\/\/agora.xtec.cat\/iesmiquelcrusafont\/wp-json\/wp\/v2\/types\/post"}],"author":[{"embeddable":true,"href":"https:\/\/agora.xtec.cat\/iesmiquelcrusafont\/wp-json\/wp\/v2\/users\/1"}],"replies":[{"embeddable":true,"href":"https:\/\/agora.xtec.cat\/iesmiquelcrusafont\/wp-json\/wp\/v2\/comments?post=4072"}],"version-history":[{"count":5,"href":"https:\/\/agora.xtec.cat\/iesmiquelcrusafont\/wp-json\/wp\/v2\/posts\/4072\/revisions"}],"predecessor-version":[{"id":4079,"href":"https:\/\/agora.xtec.cat\/iesmiquelcrusafont\/wp-json\/wp\/v2\/posts\/4072\/revisions\/4079"}],"wp:featuredmedia":[{"embeddable":true,"href":"https:\/\/agora.xtec.cat\/iesmiquelcrusafont\/wp-json\/wp\/v2\/media\/4074"}],"wp:attachment":[{"href":"https:\/\/agora.xtec.cat\/iesmiquelcrusafont\/wp-json\/wp\/v2\/media?parent=4072"}],"wp:term":[{"taxonomy":"category","embeddable":true,"href":"https:\/\/agora.xtec.cat\/iesmiquelcrusafont\/wp-json\/wp\/v2\/categories?post=4072"},{"taxonomy":"post_tag","embeddable":true,"href":"https:\/\/agora.xtec.cat\/iesmiquelcrusafont\/wp-json\/wp\/v2\/tags?post=4072"}],"curies":[{"name":"wp","href":"https:\/\/api.w.org\/{rel}","templated":true}]}}