{"id":4061,"date":"2024-11-12T10:27:40","date_gmt":"2024-11-12T09:27:40","guid":{"rendered":"https:\/\/agora.xtec.cat\/iesmiquelcrusafont\/?p=4061"},"modified":"2024-11-12T10:30:23","modified_gmt":"2024-11-12T09:30:23","slug":"enquesta-per-families-programa-henka","status":"publish","type":"post","link":"https:\/\/agora.xtec.cat\/iesmiquelcrusafont\/general\/enquesta-per-families-programa-henka\/","title":{"rendered":"ENQUESTA PER FAM\u00cdLIES PROGRAMA HENKA"},"content":{"rendered":"<h6><span style=\"color: #000000;\"><strong>Amb l&#8217;objectiu d&#8217;avaluar l&#8217;efectivitat del projecte Escoles Resilients &#8211; Henka, sobre la promoci\u00f3 del benestar emocional en l&#8217;adolesc\u00e8ncia mitjan\u00e7ant el foment de la resili\u00e8ncia, volem demanar-li que ens contesti la seg\u00fcent enquesta.<\/strong><\/span><\/h6>\n<h6><span style=\"color: #000000;\"><strong>Aquesta\u00a0breu enquesta,\u00a0ens ajudar\u00e0 a avaluar l&#8217;efectivitat del programa en els adolescents i les seves fam\u00edlies i a generar nou coneixement sobre aquest tema. Li portar\u00e0 aproximadament\u00a08 minuts\u00a0a completar-la.<\/strong><\/span><\/h6>\n<h6><span style=\"color: #000000;\"><strong>Moltes gr\u00e0cies per la seva col\u00b7laboraci\u00f3.<\/strong><\/span><\/h6>\n<h5><span style=\"text-decoration: underline;\"><strong><a href=\"https:\/\/redcap.pssjd.org\/redcap\/surveys\/?s=XMYMF8RF7TPM3LRR\" target=\"_blank\" rel=\"noopener\">Enquesta per fam\u00edlies Programa Henka<\/a><\/strong><\/span><\/h5>\n","protected":false},"excerpt":{"rendered":"<p>Amb l&#8217;objectiu d&#8217;avaluar l&#8217;efectivitat del projecte Escoles Resilients &#8211; Henka, sobre la promoci\u00f3 del benestar emocional en l&#8217;adolesc\u00e8ncia mitjan\u00e7ant el foment de la resili\u00e8ncia, volem demanar-li que ens contesti la seg\u00fcent enquesta.&hellip;  <a href=\"https:\/\/agora.xtec.cat\/iesmiquelcrusafont\/general\/enquesta-per-families-programa-henka\/\" title=\"Read ENQUESTA PER FAM\u00cdLIES PROGRAMA HENKA\">Llegeix m\u00e9s\u00bb<\/a><\/p>\n","protected":false},"author":1,"featured_media":4064,"comment_status":"open","ping_status":"closed","sticky":false,"template":"","format":"standard","meta":{"_bbp_topic_count":0,"_bbp_reply_count":0,"_bbp_total_topic_count":0,"_bbp_total_reply_count":0,"_bbp_voice_count":0,"_bbp_anonymous_reply_count":0,"_bbp_topic_count_hidden":0,"_bbp_reply_count_hidden":0,"_bbp_forum_subforum_count":0,"footnotes":""},"categories":[109,3,1,29],"tags":[],"class_list":["post-4061","post","type-post","status-publish","format-standard","has-post-thumbnail","hentry","category-diversitat","category-eso","category-general","category-portada"],"post_mailing_queue_ids":[],"_links":{"self":[{"href":"https:\/\/agora.xtec.cat\/iesmiquelcrusafont\/wp-json\/wp\/v2\/posts\/4061","targetHints":{"allow":["GET"]}}],"collection":[{"href":"https:\/\/agora.xtec.cat\/iesmiquelcrusafont\/wp-json\/wp\/v2\/posts"}],"about":[{"href":"https:\/\/agora.xtec.cat\/iesmiquelcrusafont\/wp-json\/wp\/v2\/types\/post"}],"author":[{"embeddable":true,"href":"https:\/\/agora.xtec.cat\/iesmiquelcrusafont\/wp-json\/wp\/v2\/users\/1"}],"replies":[{"embeddable":true,"href":"https:\/\/agora.xtec.cat\/iesmiquelcrusafont\/wp-json\/wp\/v2\/comments?post=4061"}],"version-history":[{"count":2,"href":"https:\/\/agora.xtec.cat\/iesmiquelcrusafont\/wp-json\/wp\/v2\/posts\/4061\/revisions"}],"predecessor-version":[{"id":4065,"href":"https:\/\/agora.xtec.cat\/iesmiquelcrusafont\/wp-json\/wp\/v2\/posts\/4061\/revisions\/4065"}],"wp:featuredmedia":[{"embeddable":true,"href":"https:\/\/agora.xtec.cat\/iesmiquelcrusafont\/wp-json\/wp\/v2\/media\/4064"}],"wp:attachment":[{"href":"https:\/\/agora.xtec.cat\/iesmiquelcrusafont\/wp-json\/wp\/v2\/media?parent=4061"}],"wp:term":[{"taxonomy":"category","embeddable":true,"href":"https:\/\/agora.xtec.cat\/iesmiquelcrusafont\/wp-json\/wp\/v2\/categories?post=4061"},{"taxonomy":"post_tag","embeddable":true,"href":"https:\/\/agora.xtec.cat\/iesmiquelcrusafont\/wp-json\/wp\/v2\/tags?post=4061"}],"curies":[{"name":"wp","href":"https:\/\/api.w.org\/{rel}","templated":true}]}}