{"id":3880,"date":"2024-05-19T19:05:01","date_gmt":"2024-05-19T17:05:01","guid":{"rendered":"https:\/\/agora.xtec.cat\/iesmiquelcrusafont\/?p=3880"},"modified":"2024-05-19T19:05:01","modified_gmt":"2024-05-19T17:05:01","slug":"sortida-al-mnactec-2n-eso","status":"publish","type":"post","link":"https:\/\/agora.xtec.cat\/iesmiquelcrusafont\/eso\/sortida-al-mnactec-2n-eso\/","title":{"rendered":"SORTIDA AL MNACTEC -2n ESO-"},"content":{"rendered":"<h4 style=\"text-align: justify;\"><b><i>El passat dia 26 d\u2019Abril l\u2019alumnat de segon d\u2019ESO\u00a0 va gaudir d\u2019una interessant visita guiada a l\u2019Exposici\u00f3 \u201cLa F\u00e0brica T\u00e8xtil\u201d\u00a0 del MNACTEC de Terrassa, per entendre millor un proc\u00e9s tecnol\u00f2gic de la hist\u00f2ria de la nostra comarca.\u00a0<\/i><\/b><\/h4>\n<p><a href=\"https:\/\/agora.xtec.cat\/iesmiquelcrusafont\/wp-content\/uploads\/usu1686\/2024\/05\/foto-1-2.jpg\"><img loading=\"lazy\" decoding=\"async\" class=\"alignnone wp-image-3885\" src=\"https:\/\/agora.xtec.cat\/iesmiquelcrusafont\/wp-content\/uploads\/usu1686\/2024\/05\/foto-1-2.jpg\" alt=\"\" width=\"457\" height=\"559\" srcset=\"https:\/\/agora.xtec.cat\/iesmiquelcrusafont\/wp-content\/uploads\/usu1686\/2024\/05\/foto-1-2.jpg 500w, https:\/\/agora.xtec.cat\/iesmiquelcrusafont\/wp-content\/uploads\/usu1686\/2024\/05\/foto-1-2-245x300.jpg 245w\" sizes=\"auto, (max-width: 457px) 100vw, 457px\" \/><\/a><\/p>\n<p style=\"text-align: right;\"><a href=\"https:\/\/agora.xtec.cat\/iesmiquelcrusafont\/wp-content\/uploads\/usu1686\/2024\/05\/Foto-2-1.jpg\"><img loading=\"lazy\" decoding=\"async\" class=\"alignnone size-full wp-image-3887\" src=\"https:\/\/agora.xtec.cat\/iesmiquelcrusafont\/wp-content\/uploads\/usu1686\/2024\/05\/Foto-2-1.jpg\" alt=\"\" width=\"550\" height=\"600\" srcset=\"https:\/\/agora.xtec.cat\/iesmiquelcrusafont\/wp-content\/uploads\/usu1686\/2024\/05\/Foto-2-1.jpg 550w, https:\/\/agora.xtec.cat\/iesmiquelcrusafont\/wp-content\/uploads\/usu1686\/2024\/05\/Foto-2-1-275x300.jpg 275w\" sizes=\"auto, (max-width: 550px) 100vw, 550px\" \/><\/a><\/p>\n<p style=\"text-align: center;\"><a href=\"https:\/\/agora.xtec.cat\/iesmiquelcrusafont\/wp-content\/uploads\/usu1686\/2024\/05\/Foto-3-1.jpg\"><img loading=\"lazy\" decoding=\"async\" class=\"size-full wp-image-3883 alignleft\" src=\"https:\/\/agora.xtec.cat\/iesmiquelcrusafont\/wp-content\/uploads\/usu1686\/2024\/05\/Foto-3-1.jpg\" alt=\"\" width=\"600\" height=\"450\" srcset=\"https:\/\/agora.xtec.cat\/iesmiquelcrusafont\/wp-content\/uploads\/usu1686\/2024\/05\/Foto-3-1.jpg 600w, https:\/\/agora.xtec.cat\/iesmiquelcrusafont\/wp-content\/uploads\/usu1686\/2024\/05\/Foto-3-1-300x225.jpg 300w, https:\/\/agora.xtec.cat\/iesmiquelcrusafont\/wp-content\/uploads\/usu1686\/2024\/05\/Foto-3-1-200x150.jpg 200w\" sizes=\"auto, (max-width: 600px) 100vw, 600px\" \/><\/a><\/p>\n","protected":false},"excerpt":{"rendered":"<p>El passat dia 26 d\u2019Abril l\u2019alumnat de segon d\u2019ESO\u00a0 va gaudir d\u2019una interessant visita guiada a l\u2019Exposici\u00f3 \u201cLa F\u00e0brica T\u00e8xtil\u201d\u00a0 del MNACTEC de Terrassa, per entendre millor un proc\u00e9s tecnol\u00f2gic de la hist\u00f2ria de la nostra comarca.\u00a0<br \/>\n<a href=\"https:\/\/agora.xtec.cat\/iesmiquelcrusafont\/wp-content\/uploads\/usu1686\/2024\/05\/foto-1-2.jpg\"><\/a><br \/>\n<a href=\"https:\/\/agora.xtec.cat\/iesmiquelcrusafont\/wp-content\/uploads\/usu1686\/2024\/05\/Foto-2-1.jpg\"><\/a><br \/>\n<a href=\"https:\/\/agora.xtec.cat\/iesmiquelcrusafont\/wp-content\/uploads\/usu1686\/2024\/05\/Foto-3-1.jpg\"><\/a><\/p>\n","protected":false},"author":1,"featured_media":3882,"comment_status":"open","ping_status":"closed","sticky":false,"template":"","format":"standard","meta":{"_bbp_topic_count":0,"_bbp_reply_count":0,"_bbp_total_topic_count":0,"_bbp_total_reply_count":0,"_bbp_voice_count":0,"_bbp_anonymous_reply_count":0,"_bbp_topic_count_hidden":0,"_bbp_reply_count_hidden":0,"_bbp_forum_subforum_count":0,"footnotes":""},"categories":[5,3,29,115],"tags":[],"class_list":["post-3880","post","type-post","status-publish","format-standard","has-post-thumbnail","hentry","category-eso-2","category-eso","category-portada","category-tecnologia"],"post_mailing_queue_ids":[],"_links":{"self":[{"href":"https:\/\/agora.xtec.cat\/iesmiquelcrusafont\/wp-json\/wp\/v2\/posts\/3880","targetHints":{"allow":["GET"]}}],"collection":[{"href":"https:\/\/agora.xtec.cat\/iesmiquelcrusafont\/wp-json\/wp\/v2\/posts"}],"about":[{"href":"https:\/\/agora.xtec.cat\/iesmiquelcrusafont\/wp-json\/wp\/v2\/types\/post"}],"author":[{"embeddable":true,"href":"https:\/\/agora.xtec.cat\/iesmiquelcrusafont\/wp-json\/wp\/v2\/users\/1"}],"replies":[{"embeddable":true,"href":"https:\/\/agora.xtec.cat\/iesmiquelcrusafont\/wp-json\/wp\/v2\/comments?post=3880"}],"version-history":[{"count":6,"href":"https:\/\/agora.xtec.cat\/iesmiquelcrusafont\/wp-json\/wp\/v2\/posts\/3880\/revisions"}],"predecessor-version":[{"id":3890,"href":"https:\/\/agora.xtec.cat\/iesmiquelcrusafont\/wp-json\/wp\/v2\/posts\/3880\/revisions\/3890"}],"wp:featuredmedia":[{"embeddable":true,"href":"https:\/\/agora.xtec.cat\/iesmiquelcrusafont\/wp-json\/wp\/v2\/media\/3882"}],"wp:attachment":[{"href":"https:\/\/agora.xtec.cat\/iesmiquelcrusafont\/wp-json\/wp\/v2\/media?parent=3880"}],"wp:term":[{"taxonomy":"category","embeddable":true,"href":"https:\/\/agora.xtec.cat\/iesmiquelcrusafont\/wp-json\/wp\/v2\/categories?post=3880"},{"taxonomy":"post_tag","embeddable":true,"href":"https:\/\/agora.xtec.cat\/iesmiquelcrusafont\/wp-json\/wp\/v2\/tags?post=3880"}],"curies":[{"name":"wp","href":"https:\/\/api.w.org\/{rel}","templated":true}]}}