{"id":3796,"date":"2024-03-21T20:02:33","date_gmt":"2024-03-21T19:02:33","guid":{"rendered":"https:\/\/agora.xtec.cat\/iesmiquelcrusafont\/?p=3796"},"modified":"2024-03-21T20:03:13","modified_gmt":"2024-03-21T19:03:13","slug":"musica-tradicional-de-tot-el-mon-1r-eso","status":"publish","type":"post","link":"https:\/\/agora.xtec.cat\/iesmiquelcrusafont\/eso\/musica-tradicional-de-tot-el-mon-1r-eso\/","title":{"rendered":"M\u00daSICA TRADICIONAL DE TOT EL M\u00d3N -1r ESO-"},"content":{"rendered":"<h4 style=\"text-align: justify;\"><strong><span style=\"color: #008000;\">L&#8217;alumnat de 1r d&#8217;eso ha estat cantant can\u00e7ons de tot el m\u00f3n durant aquest 2n trimestre. Des del Canad\u00e0, a Hongria, passant per Andalusia, Catalunya i arribant a Fran\u00e7a, \u00c0frica o It\u00e0lia!.<\/span><\/strong><\/h4>\n<h5 style=\"text-align: center;\"><span style=\"text-decoration: underline;\"><strong><span style=\"color: #000000;\">C\u00c0NON HONGAR\u00c8S 1r B<\/span><\/strong><\/span><\/h5>\n<p style=\"text-align: center;\"><iframe loading=\"lazy\" title=\"YouTube video player\" src=\"https:\/\/www.youtube.com\/embed\/TaOYIGyR96c?si=O37wDb3Oj2KFvyos\" width=\"560\" height=\"315\" frameborder=\"0\" allowfullscreen=\"allowfullscreen\"><\/iframe><\/p>\n<p style=\"text-align: center;\"><span style=\"text-decoration: underline;\"><strong>BELLA CIAO 1r D<\/strong><\/span><\/p>\n<p style=\"text-align: center;\"><iframe loading=\"lazy\" title=\"YouTube video player\" src=\"https:\/\/www.youtube.com\/embed\/ySa7km9RLHM?si=4YuoaQlQdDq8uLqH\" width=\"560\" height=\"315\" frameborder=\"0\" allowfullscreen=\"allowfullscreen\"><\/iframe><\/p>\n<p style=\"text-align: center;\"><strong><span style=\"text-decoration: underline;\"><span style=\"color: #000000;\">FR\u00c8RE JACQUES 1r A<\/span><\/span><\/strong><\/p>\n<p style=\"text-align: center;\"><iframe loading=\"lazy\" title=\"YouTube video player\" src=\"https:\/\/www.youtube.com\/embed\/r3OYsKfmx2U?si=hckabG7PRHSYerP8\" width=\"560\" height=\"315\" frameborder=\"0\" allowfullscreen=\"allowfullscreen\"><\/iframe><\/p>\n<p style=\"text-align: center;\"><span style=\"text-decoration: underline;\"><strong>SIMAMAKA 1r C<\/strong><\/span><\/p>\n<p style=\"text-align: center;\"><iframe loading=\"lazy\" width=\"560\" height=\"315\" src=\"https:\/\/www.youtube.com\/embed\/0salU7ZXr24?si=-c3gZR0JQLeO9ehA\" title=\"YouTube video player\" frameborder=\"0\" allow=\"accelerometer; autoplay; clipboard-write; encrypted-media; gyroscope; picture-in-picture; web-share\" referrerpolicy=\"strict-origin-when-cross-origin\" allowfullscreen><\/iframe><\/p>\n","protected":false},"excerpt":{"rendered":"<p>L&#8217;alumnat de 1r d&#8217;eso ha estat cantant can\u00e7ons de tot el m\u00f3n durant aquest 2n trimestre.&hellip;  <a href=\"https:\/\/agora.xtec.cat\/iesmiquelcrusafont\/eso\/musica-tradicional-de-tot-el-mon-1r-eso\/\" title=\"Read M\u00daSICA TRADICIONAL DE TOT EL M\u00d3N -1r ESO-\">Llegeix m\u00e9s\u00bb<\/a><\/p>\n","protected":false},"author":1,"featured_media":3797,"comment_status":"open","ping_status":"closed","sticky":false,"template":"","format":"standard","meta":{"_bbp_topic_count":0,"_bbp_reply_count":0,"_bbp_total_topic_count":0,"_bbp_total_reply_count":0,"_bbp_voice_count":0,"_bbp_anonymous_reply_count":0,"_bbp_topic_count_hidden":0,"_bbp_reply_count_hidden":0,"_bbp_forum_subforum_count":0,"footnotes":""},"categories":[4,3,110,29],"tags":[],"class_list":["post-3796","post","type-post","status-publish","format-standard","has-post-thumbnail","hentry","category-eso-1","category-eso","category-expressio","category-portada"],"post_mailing_queue_ids":[],"_links":{"self":[{"href":"https:\/\/agora.xtec.cat\/iesmiquelcrusafont\/wp-json\/wp\/v2\/posts\/3796","targetHints":{"allow":["GET"]}}],"collection":[{"href":"https:\/\/agora.xtec.cat\/iesmiquelcrusafont\/wp-json\/wp\/v2\/posts"}],"about":[{"href":"https:\/\/agora.xtec.cat\/iesmiquelcrusafont\/wp-json\/wp\/v2\/types\/post"}],"author":[{"embeddable":true,"href":"https:\/\/agora.xtec.cat\/iesmiquelcrusafont\/wp-json\/wp\/v2\/users\/1"}],"replies":[{"embeddable":true,"href":"https:\/\/agora.xtec.cat\/iesmiquelcrusafont\/wp-json\/wp\/v2\/comments?post=3796"}],"version-history":[{"count":5,"href":"https:\/\/agora.xtec.cat\/iesmiquelcrusafont\/wp-json\/wp\/v2\/posts\/3796\/revisions"}],"predecessor-version":[{"id":3802,"href":"https:\/\/agora.xtec.cat\/iesmiquelcrusafont\/wp-json\/wp\/v2\/posts\/3796\/revisions\/3802"}],"wp:featuredmedia":[{"embeddable":true,"href":"https:\/\/agora.xtec.cat\/iesmiquelcrusafont\/wp-json\/wp\/v2\/media\/3797"}],"wp:attachment":[{"href":"https:\/\/agora.xtec.cat\/iesmiquelcrusafont\/wp-json\/wp\/v2\/media?parent=3796"}],"wp:term":[{"taxonomy":"category","embeddable":true,"href":"https:\/\/agora.xtec.cat\/iesmiquelcrusafont\/wp-json\/wp\/v2\/categories?post=3796"},{"taxonomy":"post_tag","embeddable":true,"href":"https:\/\/agora.xtec.cat\/iesmiquelcrusafont\/wp-json\/wp\/v2\/tags?post=3796"}],"curies":[{"name":"wp","href":"https:\/\/api.w.org\/{rel}","templated":true}]}}