{"id":3774,"date":"2024-03-13T13:41:56","date_gmt":"2024-03-13T12:41:56","guid":{"rendered":"https:\/\/agora.xtec.cat\/iesmiquelcrusafont\/?p=3774"},"modified":"2024-03-19T20:12:42","modified_gmt":"2024-03-19T19:12:42","slug":"visita-a-cosmocaixa","status":"publish","type":"post","link":"https:\/\/agora.xtec.cat\/iesmiquelcrusafont\/general\/visita-a-cosmocaixa\/","title":{"rendered":"VISITA A COSMOCAIXA"},"content":{"rendered":"<h4 style=\"text-align: justify;\"><span style=\"color: #000000;\"><strong>L\u2019esperada visita a CosmoCaixa s\u2019ha fet el 7 de mar\u00e7. A la sortida han anat els alumnes de 3r d\u2019ESO i els alumnes que cursen el batxillerat cient\u00edfic i el batxillerat tecnol\u00f2gic de primer. Enguany a part visitar la sala de la mat\u00e8ria, on es poden trobar molts experiments interactius, els nostres alumnes tamb\u00e9 han participat en el taller \u201cViu l\u2019electricitat\u201d.<\/strong>\u00a0<\/span><\/h4>\n<p>&nbsp;<\/p>\n<p style=\"text-align: center;\"><a href=\"https:\/\/agora.xtec.cat\/iesmiquelcrusafont\/wp-content\/uploads\/usu1686\/2024\/03\/Foto-1-5.jpg\"><img loading=\"lazy\" decoding=\"async\" class=\"alignnone size-full wp-image-3776\" src=\"https:\/\/agora.xtec.cat\/iesmiquelcrusafont\/wp-content\/uploads\/usu1686\/2024\/03\/Foto-1-5.jpg\" alt=\"\" width=\"798\" height=\"499\" srcset=\"https:\/\/agora.xtec.cat\/iesmiquelcrusafont\/wp-content\/uploads\/usu1686\/2024\/03\/Foto-1-5.jpg 798w, https:\/\/agora.xtec.cat\/iesmiquelcrusafont\/wp-content\/uploads\/usu1686\/2024\/03\/Foto-1-5-300x188.jpg 300w, https:\/\/agora.xtec.cat\/iesmiquelcrusafont\/wp-content\/uploads\/usu1686\/2024\/03\/Foto-1-5-768x480.jpg 768w\" sizes=\"auto, (max-width: 798px) 100vw, 798px\" \/><\/a><\/p>\n<p>&nbsp;<\/p>\n<p>&nbsp;<\/p>\n<p style=\"text-align: center;\">\u00a0<a href=\"https:\/\/agora.xtec.cat\/iesmiquelcrusafont\/wp-content\/uploads\/usu1686\/2024\/03\/Foto-2-3.jpg\"><img loading=\"lazy\" decoding=\"async\" class=\"alignnone size-full wp-image-3778\" src=\"https:\/\/agora.xtec.cat\/iesmiquelcrusafont\/wp-content\/uploads\/usu1686\/2024\/03\/Foto-2-3.jpg\" alt=\"\" width=\"600\" height=\"800\" srcset=\"https:\/\/agora.xtec.cat\/iesmiquelcrusafont\/wp-content\/uploads\/usu1686\/2024\/03\/Foto-2-3.jpg 600w, https:\/\/agora.xtec.cat\/iesmiquelcrusafont\/wp-content\/uploads\/usu1686\/2024\/03\/Foto-2-3-225x300.jpg 225w\" sizes=\"auto, (max-width: 600px) 100vw, 600px\" \/><\/a><\/p>\n<p>&nbsp;<\/p>\n<p style=\"text-align: center;\"><a href=\"https:\/\/agora.xtec.cat\/iesmiquelcrusafont\/wp-content\/uploads\/usu1686\/2024\/03\/Foto-3-3.jpg\"><img loading=\"lazy\" decoding=\"async\" class=\"alignnone size-full wp-image-3781\" src=\"https:\/\/agora.xtec.cat\/iesmiquelcrusafont\/wp-content\/uploads\/usu1686\/2024\/03\/Foto-3-3.jpg\" alt=\"\" width=\"794\" height=\"353\" srcset=\"https:\/\/agora.xtec.cat\/iesmiquelcrusafont\/wp-content\/uploads\/usu1686\/2024\/03\/Foto-3-3.jpg 794w, https:\/\/agora.xtec.cat\/iesmiquelcrusafont\/wp-content\/uploads\/usu1686\/2024\/03\/Foto-3-3-300x133.jpg 300w, https:\/\/agora.xtec.cat\/iesmiquelcrusafont\/wp-content\/uploads\/usu1686\/2024\/03\/Foto-3-3-768x341.jpg 768w\" sizes=\"auto, (max-width: 794px) 100vw, 794px\" \/><\/a><\/p>\n<p>&nbsp;<\/p>\n<p style=\"text-align: center;\"><a href=\"https:\/\/agora.xtec.cat\/iesmiquelcrusafont\/wp-content\/uploads\/usu1686\/2024\/03\/Foto-4-2.jpg\"><img loading=\"lazy\" decoding=\"async\" src=\"https:\/\/agora.xtec.cat\/iesmiquelcrusafont\/wp-content\/uploads\/usu1686\/2024\/03\/Foto-4-2.jpg\" alt=\"\" width=\"680\" height=\"400\" class=\"alignnone size-full wp-image-3783\" srcset=\"https:\/\/agora.xtec.cat\/iesmiquelcrusafont\/wp-content\/uploads\/usu1686\/2024\/03\/Foto-4-2.jpg 680w, https:\/\/agora.xtec.cat\/iesmiquelcrusafont\/wp-content\/uploads\/usu1686\/2024\/03\/Foto-4-2-300x176.jpg 300w\" sizes=\"auto, (max-width: 680px) 100vw, 680px\" \/><\/a><\/p>\n","protected":false},"excerpt":{"rendered":"<p>L\u2019esperada visita a CosmoCaixa s\u2019ha fet el 7 de mar\u00e7.&hellip;  <a href=\"https:\/\/agora.xtec.cat\/iesmiquelcrusafont\/general\/visita-a-cosmocaixa\/\" title=\"Read VISITA A COSMOCAIXA\">Llegeix m\u00e9s\u00bb<\/a><\/p>\n","protected":false},"author":1,"featured_media":3775,"comment_status":"open","ping_status":"closed","sticky":false,"template":"","format":"standard","meta":{"_bbp_topic_count":0,"_bbp_reply_count":0,"_bbp_total_topic_count":0,"_bbp_total_reply_count":0,"_bbp_voice_count":0,"_bbp_anonymous_reply_count":0,"_bbp_topic_count_hidden":0,"_bbp_reply_count_hidden":0,"_bbp_forum_subforum_count":0,"footnotes":""},"categories":[6,8,3,1,29],"tags":[],"class_list":["post-3774","post","type-post","status-publish","format-standard","has-post-thumbnail","hentry","category-eso-3","category-batxillerat","category-eso","category-general","category-portada"],"post_mailing_queue_ids":[],"_links":{"self":[{"href":"https:\/\/agora.xtec.cat\/iesmiquelcrusafont\/wp-json\/wp\/v2\/posts\/3774","targetHints":{"allow":["GET"]}}],"collection":[{"href":"https:\/\/agora.xtec.cat\/iesmiquelcrusafont\/wp-json\/wp\/v2\/posts"}],"about":[{"href":"https:\/\/agora.xtec.cat\/iesmiquelcrusafont\/wp-json\/wp\/v2\/types\/post"}],"author":[{"embeddable":true,"href":"https:\/\/agora.xtec.cat\/iesmiquelcrusafont\/wp-json\/wp\/v2\/users\/1"}],"replies":[{"embeddable":true,"href":"https:\/\/agora.xtec.cat\/iesmiquelcrusafont\/wp-json\/wp\/v2\/comments?post=3774"}],"version-history":[{"count":5,"href":"https:\/\/agora.xtec.cat\/iesmiquelcrusafont\/wp-json\/wp\/v2\/posts\/3774\/revisions"}],"predecessor-version":[{"id":3784,"href":"https:\/\/agora.xtec.cat\/iesmiquelcrusafont\/wp-json\/wp\/v2\/posts\/3774\/revisions\/3784"}],"wp:featuredmedia":[{"embeddable":true,"href":"https:\/\/agora.xtec.cat\/iesmiquelcrusafont\/wp-json\/wp\/v2\/media\/3775"}],"wp:attachment":[{"href":"https:\/\/agora.xtec.cat\/iesmiquelcrusafont\/wp-json\/wp\/v2\/media?parent=3774"}],"wp:term":[{"taxonomy":"category","embeddable":true,"href":"https:\/\/agora.xtec.cat\/iesmiquelcrusafont\/wp-json\/wp\/v2\/categories?post=3774"},{"taxonomy":"post_tag","embeddable":true,"href":"https:\/\/agora.xtec.cat\/iesmiquelcrusafont\/wp-json\/wp\/v2\/tags?post=3774"}],"curies":[{"name":"wp","href":"https:\/\/api.w.org\/{rel}","templated":true}]}}