{"id":3739,"date":"2024-03-07T18:05:22","date_gmt":"2024-03-07T17:05:22","guid":{"rendered":"https:\/\/agora.xtec.cat\/iesmiquelcrusafont\/?p=3739"},"modified":"2024-03-08T20:06:25","modified_gmt":"2024-03-08T19:06:25","slug":"sortida-optativa-musica-ca-lestruch-2n-eso","status":"publish","type":"post","link":"https:\/\/agora.xtec.cat\/iesmiquelcrusafont\/eso\/sortida-optativa-musica-ca-lestruch-2n-eso\/","title":{"rendered":"SORTIDA OPTATIVA M\u00daSICA CA L&#8217;ESTRUCH -2n ESO-"},"content":{"rendered":"<h4 dir=\"auto\" style=\"text-align: justify;\"><strong><span style=\"color: #000000;\">L&#8217;alumnat del grup d&#8217;optativa de m\u00fasica de 2n d&#8217;eso ha anat a Ca l&#8217;Estruch aquesta setmana.<\/span><\/strong><\/h4>\n<h4 dir=\"auto\" style=\"text-align: justify;\"><strong><span style=\"color: #000000;\">En aquesta &#8220;F\u00e0brica d&#8217;artistes&#8221; han pogut veure dues companyies de dansa assajant i tot el recinte on tamb\u00e9 els han explicat com es fan els decorats de les \u00f2peres.<\/span><\/strong><\/h4>\n<p>&nbsp;<\/p>\n<p style=\"text-align: center;\">\r\n\t<div class=\"slideshow_container slideshow_container_style-light\" style=\" \" data-slideshow-id=\"3742\" data-style-name=\"style-light\" data-style-version=\"2.3.1\" >\r\n\r\n\t\t\t\t\t<div class=\"slideshow_loading_icon\"><\/div>\r\n\t\t\r\n\t\t<div class=\"slideshow_content\" style=\"display: none;\">\r\n\r\n\t\t\t<div class=\"slideshow_view\">\r\n\t\t\t\t<div class=\"slideshow_slide slideshow_slide_image\">\r\n\t\t\t\t\t\t\t\t\t\t\t<img src=\"https:\/\/agora.xtec.cat\/iesmiquelcrusafont\/wp-content\/uploads\/usu1686\/2024\/03\/Foto-8.jpg\" alt=\"Foto 8\" width=\"513\" height=\"623\" \/>\r\n\t\t\t\t\t\t\t\t\t\t<div class=\"slideshow_description_box slideshow_transparent\">\r\n\t\t\t\t\t\t<div class=\"slideshow_title\">Foto 8<\/div>\t\t\t\t\t\t\t\t\t\t\t<\/div>\r\n\t\t\t\t<\/div>\r\n\r\n\t\t\t\t\t\t<div style=\"clear: both;\"><\/div><\/div><div class=\"slideshow_view\">\r\n\t\t\t\t<div class=\"slideshow_slide slideshow_slide_image\">\r\n\t\t\t\t\t\t\t\t\t\t\t<img src=\"https:\/\/agora.xtec.cat\/iesmiquelcrusafont\/wp-content\/uploads\/usu1686\/2024\/03\/Foto-1-1.jpg\" alt=\"Foto 1\" width=\"600\" height=\"278\" \/>\r\n\t\t\t\t\t\t\t\t\t\t<div class=\"slideshow_description_box slideshow_transparent\">\r\n\t\t\t\t\t\t<div class=\"slideshow_title\">Foto 1<\/div>\t\t\t\t\t\t\t\t\t\t\t<\/div>\r\n\t\t\t\t<\/div>\r\n\r\n\t\t\t\t\t\t<div style=\"clear: both;\"><\/div><\/div><div class=\"slideshow_view\">\r\n\t\t\t\t<div class=\"slideshow_slide slideshow_slide_image\">\r\n\t\t\t\t\t\t\t\t\t\t\t<img src=\"https:\/\/agora.xtec.cat\/iesmiquelcrusafont\/wp-content\/uploads\/usu1686\/2024\/03\/Portada.jpg\" alt=\"Portada\" width=\"600\" height=\"595\" \/>\r\n\t\t\t\t\t\t\t\t\t\t<div class=\"slideshow_description_box slideshow_transparent\">\r\n\t\t\t\t\t\t<div class=\"slideshow_title\">Portada<\/div>\t\t\t\t\t\t\t\t\t\t\t<\/div>\r\n\t\t\t\t<\/div>\r\n\r\n\t\t\t\t\t\t<div style=\"clear: both;\"><\/div><\/div><div class=\"slideshow_view\">\r\n\t\t\t\t<div class=\"slideshow_slide slideshow_slide_image\">\r\n\t\t\t\t\t\t\t\t\t\t\t<img src=\"https:\/\/agora.xtec.cat\/iesmiquelcrusafont\/wp-content\/uploads\/usu1686\/2024\/03\/Foto-3-1.jpg\" alt=\"Foto 3\" width=\"600\" height=\"360\" \/>\r\n\t\t\t\t\t\t\t\t\t\t<div class=\"slideshow_description_box slideshow_transparent\">\r\n\t\t\t\t\t\t<div class=\"slideshow_title\">Foto 3<\/div>\t\t\t\t\t\t\t\t\t\t\t<\/div>\r\n\t\t\t\t<\/div>\r\n\r\n\t\t\t\t\t\t<div style=\"clear: both;\"><\/div><\/div><div class=\"slideshow_view\">\r\n\t\t\t\t<div class=\"slideshow_slide slideshow_slide_image\">\r\n\t\t\t\t\t\t\t\t\t\t\t<img src=\"https:\/\/agora.xtec.cat\/iesmiquelcrusafont\/wp-content\/uploads\/usu1686\/2024\/03\/Foto-4-1.jpg\" alt=\"Foto 4\" width=\"700\" height=\"356\" \/>\r\n\t\t\t\t\t\t\t\t\t\t<div class=\"slideshow_description_box slideshow_transparent\">\r\n\t\t\t\t\t\t<div class=\"slideshow_title\">Foto 4<\/div>\t\t\t\t\t\t\t\t\t\t\t<\/div>\r\n\t\t\t\t<\/div>\r\n\r\n\t\t\t\t\t\t<div style=\"clear: both;\"><\/div><\/div><div class=\"slideshow_view\">\r\n\t\t\t\t<div class=\"slideshow_slide slideshow_slide_image\">\r\n\t\t\t\t\t\t\t\t\t\t\t<img src=\"https:\/\/agora.xtec.cat\/iesmiquelcrusafont\/wp-content\/uploads\/usu1686\/2024\/03\/Foto-8.jpg\" alt=\"Foto 8\" width=\"513\" height=\"623\" \/>\r\n\t\t\t\t\t\t\t\t\t\t<div class=\"slideshow_description_box slideshow_transparent\">\r\n\t\t\t\t\t\t<div class=\"slideshow_title\">Foto 8<\/div>\t\t\t\t\t\t\t\t\t\t\t<\/div>\r\n\t\t\t\t<\/div>\r\n\r\n\t\t\t\t\t\t<div style=\"clear: both;\"><\/div><\/div><div class=\"slideshow_view\">\r\n\t\t\t\t<div class=\"slideshow_slide slideshow_slide_image\">\r\n\t\t\t\t\t\t\t\t\t\t\t<img src=\"https:\/\/agora.xtec.cat\/iesmiquelcrusafont\/wp-content\/uploads\/usu1686\/2024\/03\/Foto-5-1.jpg\" alt=\"Foto 5\" width=\"450\" height=\"554\" \/>\r\n\t\t\t\t\t\t\t\t\t\t<div class=\"slideshow_description_box slideshow_transparent\">\r\n\t\t\t\t\t\t<div class=\"slideshow_title\">Foto 5<\/div>\t\t\t\t\t\t\t\t\t\t\t<\/div>\r\n\t\t\t\t<\/div>\r\n\r\n\t\t\t\t\t\t<div style=\"clear: both;\"><\/div><\/div><div class=\"slideshow_view\">\r\n\t\t\t\t<div class=\"slideshow_slide slideshow_slide_image\">\r\n\t\t\t\t\t\t\t\t\t\t\t<img src=\"https:\/\/agora.xtec.cat\/iesmiquelcrusafont\/wp-content\/uploads\/usu1686\/2024\/03\/Foto-6.jpg\" alt=\"Foto 6\" width=\"680\" height=\"400\" \/>\r\n\t\t\t\t\t\t\t\t\t\t<div class=\"slideshow_description_box slideshow_transparent\">\r\n\t\t\t\t\t\t<div class=\"slideshow_title\">Foto 6<\/div>\t\t\t\t\t\t\t\t\t\t\t<\/div>\r\n\t\t\t\t<\/div>\r\n\r\n\t\t\t\t\t\t<div style=\"clear: both;\"><\/div><\/div><div class=\"slideshow_view\">\r\n\t\t\t\t<div class=\"slideshow_slide slideshow_slide_image\">\r\n\t\t\t\t\t\t\t\t\t\t\t<img src=\"https:\/\/agora.xtec.cat\/iesmiquelcrusafont\/wp-content\/uploads\/usu1686\/2024\/03\/Foto-7.jpg\" alt=\"Foto 7\" width=\"439\" height=\"527\" \/>\r\n\t\t\t\t\t\t\t\t\t\t<div class=\"slideshow_description_box slideshow_transparent\">\r\n\t\t\t\t\t\t<div class=\"slideshow_title\">Foto 7<\/div>\t\t\t\t\t\t\t\t\t\t\t<\/div>\r\n\t\t\t\t<\/div>\r\n\r\n\t\t\t\t\t\t<div style=\"clear: both;\"><\/div><\/div>\r\n\t\t<\/div>\r\n\r\n\t\t<div class=\"slideshow_controlPanel slideshow_transparent\" style=\"display: none;\"><ul><li class=\"slideshow_togglePlay\" data-play-text=\"Visualitza\" data-pause-text=\"Pausa\"><\/li><\/ul><\/div>\r\n\r\n\t\t<div class=\"slideshow_button slideshow_previous slideshow_transparent\" role=\"button\" data-previous-text=\"Anterior\" style=\"display: none;\"><\/div>\r\n\t\t<div class=\"slideshow_button slideshow_next slideshow_transparent\" role=\"button\" data-next-text=\"Seg\u00fcent\" style=\"display: none;\"><\/div>\r\n\r\n\t\t<div class=\"slideshow_pagination\" style=\"display: none;\" data-go-to-text=\"V\u00e9s a la diapositiva\"><div class=\"slideshow_pagination_center\"><\/div><\/div>\r\n\r\n\t\t<!-- WordPress Slideshow Version 2.3.1 -->\r\n\r\n\t\t\t<\/div>\r\n\r\n<\/p>\n","protected":false},"excerpt":{"rendered":"<p>Visita a Ca l&#8217;Estruch per part de l&#8217;alumnat de l&#8217;optativa de 2n ESO&#8230;&hellip;  <a href=\"https:\/\/agora.xtec.cat\/iesmiquelcrusafont\/eso\/sortida-optativa-musica-ca-lestruch-2n-eso\/\" title=\"Read SORTIDA OPTATIVA M\u00daSICA CA L&#8217;ESTRUCH -2n ESO-\">Llegeix m\u00e9s\u00bb<\/a><\/p>\n","protected":false},"author":1,"featured_media":3740,"comment_status":"open","ping_status":"closed","sticky":false,"template":"","format":"standard","meta":{"_bbp_topic_count":0,"_bbp_reply_count":0,"_bbp_total_topic_count":0,"_bbp_total_reply_count":0,"_bbp_voice_count":0,"_bbp_anonymous_reply_count":0,"_bbp_topic_count_hidden":0,"_bbp_reply_count_hidden":0,"_bbp_forum_subforum_count":0,"footnotes":""},"categories":[5,3,110,29],"tags":[],"class_list":["post-3739","post","type-post","status-publish","format-standard","has-post-thumbnail","hentry","category-eso-2","category-eso","category-expressio","category-portada"],"post_mailing_queue_ids":[],"_links":{"self":[{"href":"https:\/\/agora.xtec.cat\/iesmiquelcrusafont\/wp-json\/wp\/v2\/posts\/3739","targetHints":{"allow":["GET"]}}],"collection":[{"href":"https:\/\/agora.xtec.cat\/iesmiquelcrusafont\/wp-json\/wp\/v2\/posts"}],"about":[{"href":"https:\/\/agora.xtec.cat\/iesmiquelcrusafont\/wp-json\/wp\/v2\/types\/post"}],"author":[{"embeddable":true,"href":"https:\/\/agora.xtec.cat\/iesmiquelcrusafont\/wp-json\/wp\/v2\/users\/1"}],"replies":[{"embeddable":true,"href":"https:\/\/agora.xtec.cat\/iesmiquelcrusafont\/wp-json\/wp\/v2\/comments?post=3739"}],"version-history":[{"count":6,"href":"https:\/\/agora.xtec.cat\/iesmiquelcrusafont\/wp-json\/wp\/v2\/posts\/3739\/revisions"}],"predecessor-version":[{"id":3762,"href":"https:\/\/agora.xtec.cat\/iesmiquelcrusafont\/wp-json\/wp\/v2\/posts\/3739\/revisions\/3762"}],"wp:featuredmedia":[{"embeddable":true,"href":"https:\/\/agora.xtec.cat\/iesmiquelcrusafont\/wp-json\/wp\/v2\/media\/3740"}],"wp:attachment":[{"href":"https:\/\/agora.xtec.cat\/iesmiquelcrusafont\/wp-json\/wp\/v2\/media?parent=3739"}],"wp:term":[{"taxonomy":"category","embeddable":true,"href":"https:\/\/agora.xtec.cat\/iesmiquelcrusafont\/wp-json\/wp\/v2\/categories?post=3739"},{"taxonomy":"post_tag","embeddable":true,"href":"https:\/\/agora.xtec.cat\/iesmiquelcrusafont\/wp-json\/wp\/v2\/tags?post=3739"}],"curies":[{"name":"wp","href":"https:\/\/api.w.org\/{rel}","templated":true}]}}