{"id":3713,"date":"2024-03-05T10:39:10","date_gmt":"2024-03-05T09:39:10","guid":{"rendered":"https:\/\/agora.xtec.cat\/iesmiquelcrusafont\/?p=3713"},"modified":"2024-03-06T10:43:08","modified_gmt":"2024-03-06T09:43:08","slug":"treball-aula-dacollida-23-24","status":"publish","type":"post","link":"https:\/\/agora.xtec.cat\/iesmiquelcrusafont\/eso\/treball-aula-dacollida-23-24\/","title":{"rendered":"TREBALL AULA D&#8217;ACOLLIDA 23-24"},"content":{"rendered":"<h3 style=\"text-align: justify;\"><strong><span style=\"color: #000000;\">Una mostra que tots som iguals, que aprenem plegats i plegades una llengua que ens unir\u00e0 a partir d&#8217;ara. Hem decidit posar les banderes dels pa\u00efsos i paraules de la seva llengua materna, per tal que tot l&#8217;institut agafi consci\u00e8ncia de la diversitat i dels nouvinguts i nouvingudes.<\/span><\/strong><\/h3>\n<p>&nbsp;<\/p>\n<p style=\"text-align: center;\"><a href=\"https:\/\/agora.xtec.cat\/iesmiquelcrusafont\/wp-content\/uploads\/usu1686\/2024\/03\/Foto-Interior.jpg\"><img loading=\"lazy\" decoding=\"async\" class=\"alignnone size-full wp-image-3714\" src=\"https:\/\/agora.xtec.cat\/iesmiquelcrusafont\/wp-content\/uploads\/usu1686\/2024\/03\/Foto-Interior.jpg\" alt=\"\" width=\"802\" height=\"528\" srcset=\"https:\/\/agora.xtec.cat\/iesmiquelcrusafont\/wp-content\/uploads\/usu1686\/2024\/03\/Foto-Interior.jpg 802w, https:\/\/agora.xtec.cat\/iesmiquelcrusafont\/wp-content\/uploads\/usu1686\/2024\/03\/Foto-Interior-300x198.jpg 300w, https:\/\/agora.xtec.cat\/iesmiquelcrusafont\/wp-content\/uploads\/usu1686\/2024\/03\/Foto-Interior-768x506.jpg 768w\" sizes=\"auto, (max-width: 802px) 100vw, 802px\" \/><\/a><\/p>\n","protected":false},"excerpt":{"rendered":"<p>Una mostra que tots som iguals, que aprenem plegats i plegades una llengua que ens unir\u00e0 a partir d&#8217;ara.&hellip;  <a href=\"https:\/\/agora.xtec.cat\/iesmiquelcrusafont\/eso\/treball-aula-dacollida-23-24\/\" title=\"Read TREBALL AULA D&#8217;ACOLLIDA 23-24\">Llegeix m\u00e9s\u00bb<\/a><\/p>\n","protected":false},"author":1,"featured_media":3718,"comment_status":"open","ping_status":"closed","sticky":false,"template":"","format":"standard","meta":{"_bbp_topic_count":0,"_bbp_reply_count":0,"_bbp_total_topic_count":0,"_bbp_total_reply_count":0,"_bbp_voice_count":0,"_bbp_anonymous_reply_count":0,"_bbp_topic_count_hidden":0,"_bbp_reply_count_hidden":0,"_bbp_forum_subforum_count":0,"footnotes":""},"categories":[109,3,111,29],"tags":[],"class_list":["post-3713","post","type-post","status-publish","format-standard","has-post-thumbnail","hentry","category-diversitat","category-eso","category-llengua-catalana","category-portada"],"post_mailing_queue_ids":[],"_links":{"self":[{"href":"https:\/\/agora.xtec.cat\/iesmiquelcrusafont\/wp-json\/wp\/v2\/posts\/3713","targetHints":{"allow":["GET"]}}],"collection":[{"href":"https:\/\/agora.xtec.cat\/iesmiquelcrusafont\/wp-json\/wp\/v2\/posts"}],"about":[{"href":"https:\/\/agora.xtec.cat\/iesmiquelcrusafont\/wp-json\/wp\/v2\/types\/post"}],"author":[{"embeddable":true,"href":"https:\/\/agora.xtec.cat\/iesmiquelcrusafont\/wp-json\/wp\/v2\/users\/1"}],"replies":[{"embeddable":true,"href":"https:\/\/agora.xtec.cat\/iesmiquelcrusafont\/wp-json\/wp\/v2\/comments?post=3713"}],"version-history":[{"count":4,"href":"https:\/\/agora.xtec.cat\/iesmiquelcrusafont\/wp-json\/wp\/v2\/posts\/3713\/revisions"}],"predecessor-version":[{"id":3719,"href":"https:\/\/agora.xtec.cat\/iesmiquelcrusafont\/wp-json\/wp\/v2\/posts\/3713\/revisions\/3719"}],"wp:featuredmedia":[{"embeddable":true,"href":"https:\/\/agora.xtec.cat\/iesmiquelcrusafont\/wp-json\/wp\/v2\/media\/3718"}],"wp:attachment":[{"href":"https:\/\/agora.xtec.cat\/iesmiquelcrusafont\/wp-json\/wp\/v2\/media?parent=3713"}],"wp:term":[{"taxonomy":"category","embeddable":true,"href":"https:\/\/agora.xtec.cat\/iesmiquelcrusafont\/wp-json\/wp\/v2\/categories?post=3713"},{"taxonomy":"post_tag","embeddable":true,"href":"https:\/\/agora.xtec.cat\/iesmiquelcrusafont\/wp-json\/wp\/v2\/tags?post=3713"}],"curies":[{"name":"wp","href":"https:\/\/api.w.org\/{rel}","templated":true}]}}