{"id":3504,"date":"2023-06-16T10:35:30","date_gmt":"2023-06-16T08:35:30","guid":{"rendered":"https:\/\/agora.xtec.cat\/iesmiquelcrusafont\/?p=3504"},"modified":"2023-06-16T10:35:30","modified_gmt":"2023-06-16T08:35:30","slug":"coneixement-doficis","status":"publish","type":"post","link":"https:\/\/agora.xtec.cat\/iesmiquelcrusafont\/eso\/coneixement-doficis\/","title":{"rendered":"CONEIXEMENT D&#8217;OFICIS"},"content":{"rendered":"<h4 style=\"text-align: justify;\"><strong>Un any m\u00e9s alguns alumnes del Crusfaont han participat en el programa de Coneixement d&#8217;Oficis que s&#8217;organitza des de l&#8217;ajuntament. Aqu\u00ed us deixem un petit el video de la promoci\u00f3 d&#8217;enguany. Han treballat molt i els ha servit per con\u00e8ixer de manera pr\u00e0ctica diferents oficis.\u00a0<\/strong><\/h4>\n<p>&nbsp;<\/p>\n<p style=\"text-align: center;\"><iframe loading=\"lazy\" width=\"560\" height=\"315\" src=\"https:\/\/www.youtube.com\/embed\/7Xo2GC6SmnE\" title=\"YouTube video player\" frameborder=\"0\" allow=\"accelerometer; autoplay; clipboard-write; encrypted-media; gyroscope; picture-in-picture; web-share\" allowfullscreen><\/iframe><\/p>\n","protected":false},"excerpt":{"rendered":"<p>Un any m\u00e9s alguns alumnes del Crusfaont han participat en el programa de Coneixement d&#8217;Oficis que s&#8217;organitza des de l&#8217;ajuntament. Aqu\u00ed us deixem un petit el video de la promoci\u00f3 d&#8217;enguany. Han treballat molt i els ha servit per con\u00e8ixer de manera pr\u00e0ctica diferents oficis.\u00a0<br \/>\n&nbsp;<\/p>\n","protected":false},"author":1,"featured_media":3507,"comment_status":"open","ping_status":"closed","sticky":false,"template":"","format":"standard","meta":{"_bbp_topic_count":0,"_bbp_reply_count":0,"_bbp_total_topic_count":0,"_bbp_total_reply_count":0,"_bbp_voice_count":0,"_bbp_anonymous_reply_count":0,"_bbp_topic_count_hidden":0,"_bbp_reply_count_hidden":0,"_bbp_forum_subforum_count":0,"footnotes":""},"categories":[109,3,29],"tags":[],"class_list":["post-3504","post","type-post","status-publish","format-standard","has-post-thumbnail","hentry","category-diversitat","category-eso","category-portada"],"post_mailing_queue_ids":[],"_links":{"self":[{"href":"https:\/\/agora.xtec.cat\/iesmiquelcrusafont\/wp-json\/wp\/v2\/posts\/3504","targetHints":{"allow":["GET"]}}],"collection":[{"href":"https:\/\/agora.xtec.cat\/iesmiquelcrusafont\/wp-json\/wp\/v2\/posts"}],"about":[{"href":"https:\/\/agora.xtec.cat\/iesmiquelcrusafont\/wp-json\/wp\/v2\/types\/post"}],"author":[{"embeddable":true,"href":"https:\/\/agora.xtec.cat\/iesmiquelcrusafont\/wp-json\/wp\/v2\/users\/1"}],"replies":[{"embeddable":true,"href":"https:\/\/agora.xtec.cat\/iesmiquelcrusafont\/wp-json\/wp\/v2\/comments?post=3504"}],"version-history":[{"count":2,"href":"https:\/\/agora.xtec.cat\/iesmiquelcrusafont\/wp-json\/wp\/v2\/posts\/3504\/revisions"}],"predecessor-version":[{"id":3506,"href":"https:\/\/agora.xtec.cat\/iesmiquelcrusafont\/wp-json\/wp\/v2\/posts\/3504\/revisions\/3506"}],"wp:featuredmedia":[{"embeddable":true,"href":"https:\/\/agora.xtec.cat\/iesmiquelcrusafont\/wp-json\/wp\/v2\/media\/3507"}],"wp:attachment":[{"href":"https:\/\/agora.xtec.cat\/iesmiquelcrusafont\/wp-json\/wp\/v2\/media?parent=3504"}],"wp:term":[{"taxonomy":"category","embeddable":true,"href":"https:\/\/agora.xtec.cat\/iesmiquelcrusafont\/wp-json\/wp\/v2\/categories?post=3504"},{"taxonomy":"post_tag","embeddable":true,"href":"https:\/\/agora.xtec.cat\/iesmiquelcrusafont\/wp-json\/wp\/v2\/tags?post=3504"}],"curies":[{"name":"wp","href":"https:\/\/api.w.org\/{rel}","templated":true}]}}