{"id":3495,"date":"2023-06-12T18:50:44","date_gmt":"2023-06-12T16:50:44","guid":{"rendered":"https:\/\/agora.xtec.cat\/iesmiquelcrusafont\/?p=3495"},"modified":"2023-06-12T18:50:44","modified_gmt":"2023-06-12T16:50:44","slug":"arribada-a-la-casa-de-colonies-el-xalio","status":"publish","type":"post","link":"https:\/\/agora.xtec.cat\/iesmiquelcrusafont\/general\/arribada-a-la-casa-de-colonies-el-xalio\/","title":{"rendered":"ARRIBADA A LA CASA DE COL\u00d2NIES  &#8220;EL XALI\u00d3&#8221;"},"content":{"rendered":"<h4><span style=\"color: #0000ff;\"><em><strong>L&#8217;alumnat de 1r i 2n d&#8217;ESO ha arribat a mig mat\u00ed a la casa de col\u00f2nies el Xali\u00f3. Us anirem informant de la seva estada.<\/strong><\/em><\/span><\/h4>\n<p><a href=\"https:\/\/agora.xtec.cat\/iesmiquelcrusafont\/wp-content\/uploads\/usu1686\/2023\/06\/XalioPanoramica01.jpg\"><img loading=\"lazy\" decoding=\"async\" class=\"alignnone size-full wp-image-3496\" src=\"https:\/\/agora.xtec.cat\/iesmiquelcrusafont\/wp-content\/uploads\/usu1686\/2023\/06\/XalioPanoramica01.jpg\" alt=\"\" width=\"900\" height=\"675\" srcset=\"https:\/\/agora.xtec.cat\/iesmiquelcrusafont\/wp-content\/uploads\/usu1686\/2023\/06\/XalioPanoramica01.jpg 900w, https:\/\/agora.xtec.cat\/iesmiquelcrusafont\/wp-content\/uploads\/usu1686\/2023\/06\/XalioPanoramica01-300x225.jpg 300w, https:\/\/agora.xtec.cat\/iesmiquelcrusafont\/wp-content\/uploads\/usu1686\/2023\/06\/XalioPanoramica01-768x576.jpg 768w, https:\/\/agora.xtec.cat\/iesmiquelcrusafont\/wp-content\/uploads\/usu1686\/2023\/06\/XalioPanoramica01-200x150.jpg 200w\" sizes=\"auto, (max-width: 900px) 100vw, 900px\" \/><\/a><\/p>\n<p style=\"text-align: center;\"><a href=\"https:\/\/agora.xtec.cat\/iesmiquelcrusafont\/wp-content\/uploads\/usu1686\/2023\/06\/Foto-1-3.jpg\"><img loading=\"lazy\" decoding=\"async\" class=\"alignnone size-full wp-image-3497\" src=\"https:\/\/agora.xtec.cat\/iesmiquelcrusafont\/wp-content\/uploads\/usu1686\/2023\/06\/Foto-1-3.jpg\" alt=\"\" width=\"800\" height=\"360\" srcset=\"https:\/\/agora.xtec.cat\/iesmiquelcrusafont\/wp-content\/uploads\/usu1686\/2023\/06\/Foto-1-3.jpg 800w, https:\/\/agora.xtec.cat\/iesmiquelcrusafont\/wp-content\/uploads\/usu1686\/2023\/06\/Foto-1-3-300x135.jpg 300w, https:\/\/agora.xtec.cat\/iesmiquelcrusafont\/wp-content\/uploads\/usu1686\/2023\/06\/Foto-1-3-768x346.jpg 768w\" sizes=\"auto, (max-width: 800px) 100vw, 800px\" \/><\/a><\/p>\n","protected":false},"excerpt":{"rendered":"<p>L&#8217;alumnat de 1r i 2n d&#8217;ESO ja ha arribat a la casa de col\u00f2nies el Xali\u00f3.&hellip;  <a href=\"https:\/\/agora.xtec.cat\/iesmiquelcrusafont\/general\/arribada-a-la-casa-de-colonies-el-xalio\/\" title=\"Read ARRIBADA A LA CASA DE COL\u00d2NIES  &#8220;EL XALI\u00d3&#8221;\">Llegeix m\u00e9s\u00bb<\/a><\/p>\n","protected":false},"author":1,"featured_media":3497,"comment_status":"open","ping_status":"closed","sticky":false,"template":"","format":"standard","meta":{"_bbp_topic_count":0,"_bbp_reply_count":0,"_bbp_total_topic_count":0,"_bbp_total_reply_count":0,"_bbp_voice_count":0,"_bbp_anonymous_reply_count":0,"_bbp_topic_count_hidden":0,"_bbp_reply_count_hidden":0,"_bbp_forum_subforum_count":0,"footnotes":""},"categories":[4,5,3,1,29],"tags":[],"class_list":["post-3495","post","type-post","status-publish","format-standard","has-post-thumbnail","hentry","category-eso-1","category-eso-2","category-eso","category-general","category-portada"],"post_mailing_queue_ids":[],"_links":{"self":[{"href":"https:\/\/agora.xtec.cat\/iesmiquelcrusafont\/wp-json\/wp\/v2\/posts\/3495","targetHints":{"allow":["GET"]}}],"collection":[{"href":"https:\/\/agora.xtec.cat\/iesmiquelcrusafont\/wp-json\/wp\/v2\/posts"}],"about":[{"href":"https:\/\/agora.xtec.cat\/iesmiquelcrusafont\/wp-json\/wp\/v2\/types\/post"}],"author":[{"embeddable":true,"href":"https:\/\/agora.xtec.cat\/iesmiquelcrusafont\/wp-json\/wp\/v2\/users\/1"}],"replies":[{"embeddable":true,"href":"https:\/\/agora.xtec.cat\/iesmiquelcrusafont\/wp-json\/wp\/v2\/comments?post=3495"}],"version-history":[{"count":2,"href":"https:\/\/agora.xtec.cat\/iesmiquelcrusafont\/wp-json\/wp\/v2\/posts\/3495\/revisions"}],"predecessor-version":[{"id":3499,"href":"https:\/\/agora.xtec.cat\/iesmiquelcrusafont\/wp-json\/wp\/v2\/posts\/3495\/revisions\/3499"}],"wp:featuredmedia":[{"embeddable":true,"href":"https:\/\/agora.xtec.cat\/iesmiquelcrusafont\/wp-json\/wp\/v2\/media\/3497"}],"wp:attachment":[{"href":"https:\/\/agora.xtec.cat\/iesmiquelcrusafont\/wp-json\/wp\/v2\/media?parent=3495"}],"wp:term":[{"taxonomy":"category","embeddable":true,"href":"https:\/\/agora.xtec.cat\/iesmiquelcrusafont\/wp-json\/wp\/v2\/categories?post=3495"},{"taxonomy":"post_tag","embeddable":true,"href":"https:\/\/agora.xtec.cat\/iesmiquelcrusafont\/wp-json\/wp\/v2\/tags?post=3495"}],"curies":[{"name":"wp","href":"https:\/\/api.w.org\/{rel}","templated":true}]}}