{"id":3405,"date":"2023-04-26T19:10:03","date_gmt":"2023-04-26T17:10:03","guid":{"rendered":"https:\/\/agora.xtec.cat\/iesmiquelcrusafont\/?p=3405"},"modified":"2023-04-29T19:42:57","modified_gmt":"2023-04-29T17:42:57","slug":"premis-sant-jordi-2023","status":"publish","type":"post","link":"https:\/\/agora.xtec.cat\/iesmiquelcrusafont\/general\/premis-sant-jordi-2023\/","title":{"rendered":"PREMIS SANT JORDI 2023"},"content":{"rendered":"<h4 style=\"text-align: justify;\"><span style=\"color: #000080;\">Com que aquest any Sant Jordi queia en diumenge, el divendres 21 d&#8217;abril professorat i alumnat ens vam reunir al Casal C\u00edvic Arraona\/Merinals per celebrar aquesta diada tan florida.<\/span><\/h4>\n<h4 style=\"text-align: justify;\"><\/h4>\n<h4 style=\"text-align: justify;\"><span style=\"color: #000080;\">L&#8217;acte central de la celebraci\u00f3 va ser la representaci\u00f3 de l&#8217;obra de la professora Montse Vidal\u00a0<i>Fuga de cerebros,\u00a0<\/i>per part d&#8217;alumnes del taller de teatre de 2n d&#8217;ESO, dirigida per ella mateixa amb la col\u00b7laboraci\u00f3 d&#8217;Oriol Sol\u00e9. Despr\u00e9s hi va haver el lliurament dels premis dels Jocs Florals: els concursos literaris de catal\u00e0 i castell\u00e0 i el concurs de fotografia matem\u00e0tica. Teatre, prosa, poesia, fotografia&#8230; Ben b\u00e9 pot dir-se que el talent sobreeixia per les portes del Casal!&#8221;<\/span><\/h4>\n<h4 style=\"text-align: justify;\"><\/h4>\n<h4 style=\"text-align: justify;\"><span style=\"color: #000080;\">Les guanyadores i els guanyadors del concurs literari de Catal\u00e0 i Castell\u00e0 van ser:<\/span><\/h4>\n<p>&nbsp;<\/p>\n<p style=\"text-align: center;\"><a href=\"https:\/\/agora.xtec.cat\/iesmiquelcrusafont\/wp-content\/uploads\/usu1686\/2023\/04\/Llistat-de-Premiats-Corregit.jpg\"><img loading=\"lazy\" decoding=\"async\" class=\"alignnone size-full wp-image-3414\" src=\"https:\/\/agora.xtec.cat\/iesmiquelcrusafont\/wp-content\/uploads\/usu1686\/2023\/04\/Llistat-de-Premiats-Corregit.jpg\" alt=\"\" width=\"724\" height=\"574\" srcset=\"https:\/\/agora.xtec.cat\/iesmiquelcrusafont\/wp-content\/uploads\/usu1686\/2023\/04\/Llistat-de-Premiats-Corregit.jpg 724w, https:\/\/agora.xtec.cat\/iesmiquelcrusafont\/wp-content\/uploads\/usu1686\/2023\/04\/Llistat-de-Premiats-Corregit-300x238.jpg 300w\" sizes=\"auto, (max-width: 724px) 100vw, 724px\" \/><\/a><\/p>\n","protected":false},"excerpt":{"rendered":"<p>Premiats dels concursos literaris de catal\u00e0 i castell\u00e0. &hellip;  <a href=\"https:\/\/agora.xtec.cat\/iesmiquelcrusafont\/general\/premis-sant-jordi-2023\/\" title=\"Read PREMIS SANT JORDI 2023\">Llegeix m\u00e9s\u00bb<\/a><\/p>\n","protected":false},"author":1,"featured_media":3406,"comment_status":"open","ping_status":"closed","sticky":false,"template":"","format":"standard","meta":{"_bbp_topic_count":0,"_bbp_reply_count":0,"_bbp_total_topic_count":0,"_bbp_total_reply_count":0,"_bbp_voice_count":0,"_bbp_anonymous_reply_count":0,"_bbp_topic_count_hidden":0,"_bbp_reply_count_hidden":0,"_bbp_forum_subforum_count":0,"footnotes":""},"categories":[116,8,3,1,112,111,29],"tags":[],"class_list":["post-3405","post","type-post","status-publish","format-standard","has-post-thumbnail","hentry","category-ampa","category-batxillerat","category-eso","category-general","category-llengua-castellana","category-llengua-catalana","category-portada"],"post_mailing_queue_ids":[],"_links":{"self":[{"href":"https:\/\/agora.xtec.cat\/iesmiquelcrusafont\/wp-json\/wp\/v2\/posts\/3405","targetHints":{"allow":["GET"]}}],"collection":[{"href":"https:\/\/agora.xtec.cat\/iesmiquelcrusafont\/wp-json\/wp\/v2\/posts"}],"about":[{"href":"https:\/\/agora.xtec.cat\/iesmiquelcrusafont\/wp-json\/wp\/v2\/types\/post"}],"author":[{"embeddable":true,"href":"https:\/\/agora.xtec.cat\/iesmiquelcrusafont\/wp-json\/wp\/v2\/users\/1"}],"replies":[{"embeddable":true,"href":"https:\/\/agora.xtec.cat\/iesmiquelcrusafont\/wp-json\/wp\/v2\/comments?post=3405"}],"version-history":[{"count":3,"href":"https:\/\/agora.xtec.cat\/iesmiquelcrusafont\/wp-json\/wp\/v2\/posts\/3405\/revisions"}],"predecessor-version":[{"id":3415,"href":"https:\/\/agora.xtec.cat\/iesmiquelcrusafont\/wp-json\/wp\/v2\/posts\/3405\/revisions\/3415"}],"wp:featuredmedia":[{"embeddable":true,"href":"https:\/\/agora.xtec.cat\/iesmiquelcrusafont\/wp-json\/wp\/v2\/media\/3406"}],"wp:attachment":[{"href":"https:\/\/agora.xtec.cat\/iesmiquelcrusafont\/wp-json\/wp\/v2\/media?parent=3405"}],"wp:term":[{"taxonomy":"category","embeddable":true,"href":"https:\/\/agora.xtec.cat\/iesmiquelcrusafont\/wp-json\/wp\/v2\/categories?post=3405"},{"taxonomy":"post_tag","embeddable":true,"href":"https:\/\/agora.xtec.cat\/iesmiquelcrusafont\/wp-json\/wp\/v2\/tags?post=3405"}],"curies":[{"name":"wp","href":"https:\/\/api.w.org\/{rel}","templated":true}]}}