{"id":3386,"date":"2023-04-25T10:57:03","date_gmt":"2023-04-25T08:57:03","guid":{"rendered":"https:\/\/agora.xtec.cat\/iesmiquelcrusafont\/?p=3386"},"modified":"2023-04-29T19:11:42","modified_gmt":"2023-04-29T17:11:42","slug":"concuncurs-fotografia-matematica","status":"publish","type":"post","link":"https:\/\/agora.xtec.cat\/iesmiquelcrusafont\/general\/concuncurs-fotografia-matematica\/","title":{"rendered":"Concuncurs Fotografia Matem\u00e0tica"},"content":{"rendered":"<h4 style=\"text-align: justify;\"><strong><span style=\"color: #000000;\">Tot l&#8217;alumnat del centre ha pogut participar en el concurs de la fotografia matem\u00e0tica com ja \u00e9s tradici\u00f3 en el nostre centre. L&#8217;alumnat de 1r i 2n d&#8217;ESO va poder fer-la durant l&#8217;excursi\u00f3 al Parc de les Morisques a Sant Quirze del Vall\u00e8s, mentre que l&#8217;alumnat de 3r,4t i batxillerat podien decidir qualsevol tema, sempre que aquest fos original i no hagu\u00e9s sortit d&#8217;Internet o b\u00e9 sigues un fotomuntatge.<\/span><\/strong><\/h4>\n<h4 style=\"text-align: justify;\"><strong><span style=\"color: #000000;\">Aquestes eren les normes del concurs:<span style=\"text-decoration: underline;\"> <a style=\"color: #000000; text-decoration: underline;\" href=\"https:\/\/agora.xtec.cat\/iesmiquelcrusafont\/wp-content\/uploads\/usu1686\/2023\/04\/Bases-concurs-Sant-Jordi-2023.pdf\" target=\"_blank\" rel=\"noopener\">Bases concurs Sant Jordi 2023<\/a><\/span><\/span><\/strong><\/h4>\n<h4 style=\"text-align: justify;\"><strong><span style=\"color: #000000;\">El passat 21 d&#8217;abril durant la celebraci\u00f3 de la diada de Sant Jordi en el nostre centre es varen entregar els premis als guanyadors del concurs. Els Premiats varen ser:\u00a0<\/span><\/strong><\/h4>\n<p>&nbsp;<\/p>\n<p style=\"text-align: center;\"><a href=\"https:\/\/agora.xtec.cat\/iesmiquelcrusafont\/wp-content\/uploads\/usu1686\/2023\/04\/premis-Fotogarfia-matematica.jpg\"><img loading=\"lazy\" decoding=\"async\" class=\"alignnone size-full wp-image-3389\" src=\"https:\/\/agora.xtec.cat\/iesmiquelcrusafont\/wp-content\/uploads\/usu1686\/2023\/04\/premis-Fotogarfia-matematica.jpg\" alt=\"\" width=\"917\" height=\"623\" srcset=\"https:\/\/agora.xtec.cat\/iesmiquelcrusafont\/wp-content\/uploads\/usu1686\/2023\/04\/premis-Fotogarfia-matematica.jpg 917w, https:\/\/agora.xtec.cat\/iesmiquelcrusafont\/wp-content\/uploads\/usu1686\/2023\/04\/premis-Fotogarfia-matematica-300x204.jpg 300w, https:\/\/agora.xtec.cat\/iesmiquelcrusafont\/wp-content\/uploads\/usu1686\/2023\/04\/premis-Fotogarfia-matematica-768x522.jpg 768w\" sizes=\"auto, (max-width: 917px) 100vw, 917px\" \/><\/a><\/p>\n<p>&nbsp;<\/p>\n<h4 style=\"text-align: right;\"><strong>MOLTES FELICITATS!<\/strong><\/h4>\n","protected":false},"excerpt":{"rendered":"<p>Guanyadors Premis Fotografia matem\u00e0tica. &hellip;  <a href=\"https:\/\/agora.xtec.cat\/iesmiquelcrusafont\/general\/concuncurs-fotografia-matematica\/\" title=\"Read Concuncurs Fotografia Matem\u00e0tica\">Llegeix m\u00e9s\u00bb<\/a><\/p>\n","protected":false},"author":1,"featured_media":3387,"comment_status":"open","ping_status":"closed","sticky":false,"template":"","format":"standard","meta":{"_bbp_topic_count":0,"_bbp_reply_count":0,"_bbp_total_topic_count":0,"_bbp_total_reply_count":0,"_bbp_voice_count":0,"_bbp_anonymous_reply_count":0,"_bbp_topic_count_hidden":0,"_bbp_reply_count_hidden":0,"_bbp_forum_subforum_count":0,"footnotes":""},"categories":[8,3,1,114,29],"tags":[],"class_list":["post-3386","post","type-post","status-publish","format-standard","has-post-thumbnail","hentry","category-batxillerat","category-eso","category-general","category-matematiques","category-portada"],"post_mailing_queue_ids":[],"_links":{"self":[{"href":"https:\/\/agora.xtec.cat\/iesmiquelcrusafont\/wp-json\/wp\/v2\/posts\/3386","targetHints":{"allow":["GET"]}}],"collection":[{"href":"https:\/\/agora.xtec.cat\/iesmiquelcrusafont\/wp-json\/wp\/v2\/posts"}],"about":[{"href":"https:\/\/agora.xtec.cat\/iesmiquelcrusafont\/wp-json\/wp\/v2\/types\/post"}],"author":[{"embeddable":true,"href":"https:\/\/agora.xtec.cat\/iesmiquelcrusafont\/wp-json\/wp\/v2\/users\/1"}],"replies":[{"embeddable":true,"href":"https:\/\/agora.xtec.cat\/iesmiquelcrusafont\/wp-json\/wp\/v2\/comments?post=3386"}],"version-history":[{"count":3,"href":"https:\/\/agora.xtec.cat\/iesmiquelcrusafont\/wp-json\/wp\/v2\/posts\/3386\/revisions"}],"predecessor-version":[{"id":3395,"href":"https:\/\/agora.xtec.cat\/iesmiquelcrusafont\/wp-json\/wp\/v2\/posts\/3386\/revisions\/3395"}],"wp:featuredmedia":[{"embeddable":true,"href":"https:\/\/agora.xtec.cat\/iesmiquelcrusafont\/wp-json\/wp\/v2\/media\/3387"}],"wp:attachment":[{"href":"https:\/\/agora.xtec.cat\/iesmiquelcrusafont\/wp-json\/wp\/v2\/media?parent=3386"}],"wp:term":[{"taxonomy":"category","embeddable":true,"href":"https:\/\/agora.xtec.cat\/iesmiquelcrusafont\/wp-json\/wp\/v2\/categories?post=3386"},{"taxonomy":"post_tag","embeddable":true,"href":"https:\/\/agora.xtec.cat\/iesmiquelcrusafont\/wp-json\/wp\/v2\/tags?post=3386"}],"curies":[{"name":"wp","href":"https:\/\/api.w.org\/{rel}","templated":true}]}}