{"id":3281,"date":"2023-02-02T10:43:52","date_gmt":"2023-02-02T09:43:52","guid":{"rendered":"https:\/\/agora.xtec.cat\/iesmiquelcrusafont\/?p=3281"},"modified":"2023-02-17T10:45:28","modified_gmt":"2023-02-17T09:45:28","slug":"estimada-familia-de-laicha","status":"publish","type":"post","link":"https:\/\/agora.xtec.cat\/iesmiquelcrusafont\/general\/estimada-familia-de-laicha\/","title":{"rendered":"Estimada fam\u00edlia de l&#8217;Aicha"},"content":{"rendered":"<p style=\"text-align: justify;\">&#8220;Estimada fam\u00edlia de l\u2019Aicha,<\/p>\n<p style=\"text-align: justify;\">Permeteu-nos expressar les nostres m\u00e9s sinceres condolences per la vostra p\u00e8rdua irreparable. L\u2019Aicha era una alumna valenta i lluitadora. Sempre estava disposada a participar i col\u00b7laborar amb tothom. L\u2019Aicha era molt amiga dels seus amics, sempre amb un somriure a la cara. Tots la trobarem molt a faltar.<\/p>\n<p style=\"text-align: justify;\">Sabem que aquesta \u00e9s una situaci\u00f3 dif\u00edcil per a tots vosaltres, per\u00f2 volem que sapigueu que tots els membres de la comunitat educativa del centre estem aqu\u00ed per a vosaltres. Si necessiteu res, no dubteu en demanar-nos-ho.<\/p>\n<p style=\"text-align: justify;\">Recordeu les bones mem\u00f2ries de l&#8217;Aicha, sigueu forts en aquest moment tan dif\u00edcil i rebeu el nostre m\u00e9s sincer condol per aquesta gran p\u00e8rdua.&#8221;<\/p>\n","protected":false},"excerpt":{"rendered":"<p>&#8220;Estimada fam\u00edlia de l\u2019Aicha,<br \/>\nPermeteu-nos expressar les nostres m\u00e9s sinceres condolences per la vostra p\u00e8rdua irreparable. L\u2019Aicha era una alumna valenta i lluitadora. Sempre estava disposada a participar i col\u00b7laborar amb tothom. L\u2019Aicha era molt amiga dels seus amics, sempre amb un somriure a la cara.&hellip;  <a href=\"https:\/\/agora.xtec.cat\/iesmiquelcrusafont\/general\/estimada-familia-de-laicha\/\" title=\"Read Estimada fam\u00edlia de l&#8217;Aicha\">Llegeix m\u00e9s\u00bb<\/a><\/p>\n","protected":false},"author":1,"featured_media":0,"comment_status":"open","ping_status":"closed","sticky":false,"template":"","format":"standard","meta":{"_bbp_topic_count":0,"_bbp_reply_count":0,"_bbp_total_topic_count":0,"_bbp_total_reply_count":0,"_bbp_voice_count":0,"_bbp_anonymous_reply_count":0,"_bbp_topic_count_hidden":0,"_bbp_reply_count_hidden":0,"_bbp_forum_subforum_count":0,"footnotes":""},"categories":[3,21,1,29],"tags":[],"class_list":["post-3281","post","type-post","status-publish","format-standard","hentry","category-eso","category-eso-3c","category-general","category-portada"],"post_mailing_queue_ids":[],"_links":{"self":[{"href":"https:\/\/agora.xtec.cat\/iesmiquelcrusafont\/wp-json\/wp\/v2\/posts\/3281","targetHints":{"allow":["GET"]}}],"collection":[{"href":"https:\/\/agora.xtec.cat\/iesmiquelcrusafont\/wp-json\/wp\/v2\/posts"}],"about":[{"href":"https:\/\/agora.xtec.cat\/iesmiquelcrusafont\/wp-json\/wp\/v2\/types\/post"}],"author":[{"embeddable":true,"href":"https:\/\/agora.xtec.cat\/iesmiquelcrusafont\/wp-json\/wp\/v2\/users\/1"}],"replies":[{"embeddable":true,"href":"https:\/\/agora.xtec.cat\/iesmiquelcrusafont\/wp-json\/wp\/v2\/comments?post=3281"}],"version-history":[{"count":2,"href":"https:\/\/agora.xtec.cat\/iesmiquelcrusafont\/wp-json\/wp\/v2\/posts\/3281\/revisions"}],"predecessor-version":[{"id":3302,"href":"https:\/\/agora.xtec.cat\/iesmiquelcrusafont\/wp-json\/wp\/v2\/posts\/3281\/revisions\/3302"}],"wp:attachment":[{"href":"https:\/\/agora.xtec.cat\/iesmiquelcrusafont\/wp-json\/wp\/v2\/media?parent=3281"}],"wp:term":[{"taxonomy":"category","embeddable":true,"href":"https:\/\/agora.xtec.cat\/iesmiquelcrusafont\/wp-json\/wp\/v2\/categories?post=3281"},{"taxonomy":"post_tag","embeddable":true,"href":"https:\/\/agora.xtec.cat\/iesmiquelcrusafont\/wp-json\/wp\/v2\/tags?post=3281"}],"curies":[{"name":"wp","href":"https:\/\/api.w.org\/{rel}","templated":true}]}}