{"id":3242,"date":"2022-12-20T13:07:16","date_gmt":"2022-12-20T12:07:16","guid":{"rendered":"https:\/\/agora.xtec.cat\/iesmiquelcrusafont\/?p=3242"},"modified":"2022-12-22T13:55:50","modified_gmt":"2022-12-22T12:55:50","slug":"cancons-de-nadal-darreu-del-mon-1r-eso","status":"publish","type":"post","link":"https:\/\/agora.xtec.cat\/iesmiquelcrusafont\/general\/cancons-de-nadal-darreu-del-mon-1r-eso\/","title":{"rendered":"CAN\u00c7ONS DE NADAL D&#8217;ARREU DEL M\u00d3N -1r ESO-"},"content":{"rendered":"<h5 style=\"text-align: center;\"><span style=\"text-decoration: underline;\"><em><strong>CAN\u00c7ONS DE NADAL D&#8217;ARREU DEL M\u00d3N<\/strong><\/em><\/span><\/h5>\n<h5><\/h5>\n<h5 style=\"text-align: justify;\"><strong>Aquest 1r trimestre tots els grups de 1r d&#8217;ESO del nostre centre, han estat cantant can\u00e7ons de Nadal d&#8217;arreu, des de les d&#8217;arrel africanes, passant per un c\u00e0non de Mozart, una en llengua quechua i una c\u00fambia colombiana.<\/strong><\/h5>\n<p>&nbsp;<\/p>\n<h5 style=\"text-align: center;\"><span style=\"text-decoration: underline;\"><em><strong>1rA SISI KUMBALE<\/strong><\/em><\/span><\/h5>\n<p style=\"text-align: center;\"><iframe loading=\"lazy\" title=\"YouTube video player\" src=\"https:\/\/www.youtube.com\/embed\/DbtmInHebJQ\" width=\"560\" height=\"315\" frameborder=\"0\" allowfullscreen=\"allowfullscreen\"><\/iframe><\/p>\n<h5 style=\"text-align: center;\"><span style=\"text-decoration: underline;\"><em><strong>1rB DULCES OJOS<\/strong><\/em><\/span><\/h5>\n<p style=\"text-align: center;\"><iframe loading=\"lazy\" title=\"YouTube video player\" src=\"https:\/\/www.youtube.com\/embed\/AOIX3hWe9UI\" width=\"560\" height=\"315\" frameborder=\"0\" allowfullscreen=\"allowfullscreen\"><\/iframe><\/p>\n<h5 style=\"text-align: center;\"><span style=\"text-decoration: underline;\"><em><strong>1rC NAVIDADAU<\/strong><\/em><\/span><\/h5>\n<p style=\"text-align: center;\"><iframe loading=\"lazy\" title=\"YouTube video player\" src=\"https:\/\/www.youtube.com\/embed\/J4LkJSQ3B_U\" width=\"560\" height=\"315\" frameborder=\"0\" allowfullscreen=\"allowfullscreen\"><\/iframe><\/p>\n<h5 style=\"text-align: center;\"><span style=\"text-decoration: underline;\"><em><strong>1rD A\u00d1O NUEVO<\/strong><\/em><\/span><\/h5>\n<p style=\"text-align: center;\"><iframe loading=\"lazy\" title=\"YouTube video player\" src=\"https:\/\/www.youtube.com\/embed\/XeKim6XnfbE\" width=\"560\" height=\"315\" frameborder=\"0\" allowfullscreen=\"allowfullscreen\"><\/iframe><\/p>\n<p style=\"text-align: center;\">\n","protected":false},"excerpt":{"rendered":"<p>Tots els grups de 1r d&#8217;ESO del nostre centre, han estat cantant can\u00e7ons de Nadal d&#8217;arreu del m\u00f3n.&hellip;  <a href=\"https:\/\/agora.xtec.cat\/iesmiquelcrusafont\/general\/cancons-de-nadal-darreu-del-mon-1r-eso\/\" title=\"Read CAN\u00c7ONS DE NADAL D&#8217;ARREU DEL M\u00d3N -1r ESO-\">Llegeix m\u00e9s\u00bb<\/a><\/p>\n","protected":false},"author":1,"featured_media":3245,"comment_status":"open","ping_status":"closed","sticky":false,"template":"","format":"standard","meta":{"_bbp_topic_count":0,"_bbp_reply_count":0,"_bbp_total_topic_count":0,"_bbp_total_reply_count":0,"_bbp_voice_count":0,"_bbp_anonymous_reply_count":0,"_bbp_topic_count_hidden":0,"_bbp_reply_count_hidden":0,"_bbp_forum_subforum_count":0,"footnotes":""},"categories":[4,3,110,1,29],"tags":[],"class_list":["post-3242","post","type-post","status-publish","format-standard","has-post-thumbnail","hentry","category-eso-1","category-eso","category-expressio","category-general","category-portada"],"post_mailing_queue_ids":[],"_links":{"self":[{"href":"https:\/\/agora.xtec.cat\/iesmiquelcrusafont\/wp-json\/wp\/v2\/posts\/3242","targetHints":{"allow":["GET"]}}],"collection":[{"href":"https:\/\/agora.xtec.cat\/iesmiquelcrusafont\/wp-json\/wp\/v2\/posts"}],"about":[{"href":"https:\/\/agora.xtec.cat\/iesmiquelcrusafont\/wp-json\/wp\/v2\/types\/post"}],"author":[{"embeddable":true,"href":"https:\/\/agora.xtec.cat\/iesmiquelcrusafont\/wp-json\/wp\/v2\/users\/1"}],"replies":[{"embeddable":true,"href":"https:\/\/agora.xtec.cat\/iesmiquelcrusafont\/wp-json\/wp\/v2\/comments?post=3242"}],"version-history":[{"count":3,"href":"https:\/\/agora.xtec.cat\/iesmiquelcrusafont\/wp-json\/wp\/v2\/posts\/3242\/revisions"}],"predecessor-version":[{"id":3246,"href":"https:\/\/agora.xtec.cat\/iesmiquelcrusafont\/wp-json\/wp\/v2\/posts\/3242\/revisions\/3246"}],"wp:featuredmedia":[{"embeddable":true,"href":"https:\/\/agora.xtec.cat\/iesmiquelcrusafont\/wp-json\/wp\/v2\/media\/3245"}],"wp:attachment":[{"href":"https:\/\/agora.xtec.cat\/iesmiquelcrusafont\/wp-json\/wp\/v2\/media?parent=3242"}],"wp:term":[{"taxonomy":"category","embeddable":true,"href":"https:\/\/agora.xtec.cat\/iesmiquelcrusafont\/wp-json\/wp\/v2\/categories?post=3242"},{"taxonomy":"post_tag","embeddable":true,"href":"https:\/\/agora.xtec.cat\/iesmiquelcrusafont\/wp-json\/wp\/v2\/tags?post=3242"}],"curies":[{"name":"wp","href":"https:\/\/api.w.org\/{rel}","templated":true}]}}