{"id":3020,"date":"2022-06-13T19:50:03","date_gmt":"2022-06-13T17:50:03","guid":{"rendered":"https:\/\/agora.xtec.cat\/iesmiquelcrusafont\/?p=3020"},"modified":"2022-06-14T17:58:44","modified_gmt":"2022-06-14T15:58:44","slug":"al-crusafont-a-la-conquesta-de-cantabria","status":"publish","type":"post","link":"https:\/\/agora.xtec.cat\/iesmiquelcrusafont\/general\/al-crusafont-a-la-conquesta-de-cantabria\/","title":{"rendered":"EL CRUSAFONT A LA CONQUESTA DE CANT\u00c0BRIA."},"content":{"rendered":"<h5 style=\"text-align: justify;\"><span style=\"color: #000000;\"><strong>Els i les alumnes de 3r i 4t han marxat avui cap a Cant\u00e0bria on estaran tota la setmana. Les primeres not\u00edcies que ens han arribat, s\u00f3n que el viatge els ha anat b\u00e9.\u00a0<\/strong><\/span><\/h5>\n<h5 style=\"text-align: justify;\"><span style=\"color: #000000;\"><strong>La primera foto ens la feien arribar amb la seva primera parada a Saragoss<\/strong>a.\u00a0<\/span><\/h5>\n<p><a href=\"https:\/\/agora.xtec.cat\/iesmiquelcrusafont\/wp-content\/uploads\/usu1686\/2022\/06\/PHOTO-2022-06-13-11-12-12.jpg\"><img loading=\"lazy\" decoding=\"async\" class=\"size-full wp-image-3021 aligncenter\" src=\"https:\/\/agora.xtec.cat\/iesmiquelcrusafont\/wp-content\/uploads\/usu1686\/2022\/06\/PHOTO-2022-06-13-11-12-12.jpg\" alt=\"\" width=\"600\" height=\"450\" srcset=\"https:\/\/agora.xtec.cat\/iesmiquelcrusafont\/wp-content\/uploads\/usu1686\/2022\/06\/PHOTO-2022-06-13-11-12-12.jpg 600w, https:\/\/agora.xtec.cat\/iesmiquelcrusafont\/wp-content\/uploads\/usu1686\/2022\/06\/PHOTO-2022-06-13-11-12-12-300x225.jpg 300w, https:\/\/agora.xtec.cat\/iesmiquelcrusafont\/wp-content\/uploads\/usu1686\/2022\/06\/PHOTO-2022-06-13-11-12-12-200x150.jpg 200w\" sizes=\"auto, (max-width: 600px) 100vw, 600px\" \/><\/a><\/p>\n<h5 style=\"text-align: justify;\"><strong><span style=\"color: #000000;\">Finalment cap a les vuit del vespre ens han informat que ja han arribat a l&#8217;hotel, ara toca descansar i preparar-se per dem\u00e0<\/span> .<\/strong><\/h5>\n<p><a href=\"https:\/\/agora.xtec.cat\/iesmiquelcrusafont\/wp-content\/uploads\/usu1686\/2022\/06\/Portada-1.jpg\"><img loading=\"lazy\" decoding=\"async\" class=\"size-full wp-image-3027 aligncenter\" src=\"https:\/\/agora.xtec.cat\/iesmiquelcrusafont\/wp-content\/uploads\/usu1686\/2022\/06\/Portada-1.jpg\" alt=\"\" width=\"699\" height=\"491\" srcset=\"https:\/\/agora.xtec.cat\/iesmiquelcrusafont\/wp-content\/uploads\/usu1686\/2022\/06\/Portada-1.jpg 699w, https:\/\/agora.xtec.cat\/iesmiquelcrusafont\/wp-content\/uploads\/usu1686\/2022\/06\/Portada-1-300x211.jpg 300w\" sizes=\"auto, (max-width: 699px) 100vw, 699px\" \/><\/a><\/p>\n<h5 style=\"text-align: right;\"><span style=\"text-decoration: underline;\"><strong><span style=\"color: #000000; text-decoration: underline;\">Continuarem informant<\/span>\u00a0<\/strong><\/span><\/h5>\n","protected":false},"excerpt":{"rendered":"<p>Els i les alumnes de 3r i 4t han marxat avui cap a Cant\u00e0bria. Finalment cap a les vuit del vespre ens han informat que ja han arribat a l&#8217;hotel, ara toca descansar i preparar-se per dem\u00e0.&hellip;  <a href=\"https:\/\/agora.xtec.cat\/iesmiquelcrusafont\/general\/al-crusafont-a-la-conquesta-de-cantabria\/\" title=\"Read EL CRUSAFONT A LA CONQUESTA DE CANT\u00c0BRIA.\">Llegeix m\u00e9s\u00bb<\/a><\/p>\n","protected":false},"author":1,"featured_media":3027,"comment_status":"open","ping_status":"closed","sticky":false,"template":"","format":"standard","meta":{"_bbp_topic_count":0,"_bbp_reply_count":0,"_bbp_total_topic_count":0,"_bbp_total_reply_count":0,"_bbp_voice_count":0,"_bbp_anonymous_reply_count":0,"_bbp_topic_count_hidden":0,"_bbp_reply_count_hidden":0,"_bbp_forum_subforum_count":0,"footnotes":""},"categories":[6,7,3,1,29],"tags":[],"class_list":["post-3020","post","type-post","status-publish","format-standard","has-post-thumbnail","hentry","category-eso-3","category-eso-4","category-eso","category-general","category-portada"],"post_mailing_queue_ids":[],"_links":{"self":[{"href":"https:\/\/agora.xtec.cat\/iesmiquelcrusafont\/wp-json\/wp\/v2\/posts\/3020","targetHints":{"allow":["GET"]}}],"collection":[{"href":"https:\/\/agora.xtec.cat\/iesmiquelcrusafont\/wp-json\/wp\/v2\/posts"}],"about":[{"href":"https:\/\/agora.xtec.cat\/iesmiquelcrusafont\/wp-json\/wp\/v2\/types\/post"}],"author":[{"embeddable":true,"href":"https:\/\/agora.xtec.cat\/iesmiquelcrusafont\/wp-json\/wp\/v2\/users\/1"}],"replies":[{"embeddable":true,"href":"https:\/\/agora.xtec.cat\/iesmiquelcrusafont\/wp-json\/wp\/v2\/comments?post=3020"}],"version-history":[{"count":3,"href":"https:\/\/agora.xtec.cat\/iesmiquelcrusafont\/wp-json\/wp\/v2\/posts\/3020\/revisions"}],"predecessor-version":[{"id":3030,"href":"https:\/\/agora.xtec.cat\/iesmiquelcrusafont\/wp-json\/wp\/v2\/posts\/3020\/revisions\/3030"}],"wp:featuredmedia":[{"embeddable":true,"href":"https:\/\/agora.xtec.cat\/iesmiquelcrusafont\/wp-json\/wp\/v2\/media\/3027"}],"wp:attachment":[{"href":"https:\/\/agora.xtec.cat\/iesmiquelcrusafont\/wp-json\/wp\/v2\/media?parent=3020"}],"wp:term":[{"taxonomy":"category","embeddable":true,"href":"https:\/\/agora.xtec.cat\/iesmiquelcrusafont\/wp-json\/wp\/v2\/categories?post=3020"},{"taxonomy":"post_tag","embeddable":true,"href":"https:\/\/agora.xtec.cat\/iesmiquelcrusafont\/wp-json\/wp\/v2\/tags?post=3020"}],"curies":[{"name":"wp","href":"https:\/\/api.w.org\/{rel}","templated":true}]}}