{"id":3006,"date":"2022-06-07T19:27:28","date_gmt":"2022-06-07T17:27:28","guid":{"rendered":"https:\/\/agora.xtec.cat\/iesmiquelcrusafont\/?p=3006"},"modified":"2022-06-07T19:28:40","modified_gmt":"2022-06-07T17:28:40","slug":"vandalisme-al-crusafont","status":"publish","type":"post","link":"https:\/\/agora.xtec.cat\/iesmiquelcrusafont\/eso\/vandalisme-al-crusafont\/","title":{"rendered":"VANDALISME AL CRUSAFONT."},"content":{"rendered":"<div class=\"gmail_attr\" style=\"text-align: justify;\"><\/div>\n<h4 class=\"gmail_attr\" style=\"text-align: justify;\"><strong>Aquest cap de setmana han entrat uns v\u00e0ndals a l&#8217;Institut i han pintat a sobre del mural d&#8217;Aniversari del nostre Centre.<\/strong><\/h4>\n<h4 class=\"gmail_attr\" style=\"text-align: justify;\"><strong>El mural encara no est\u00e0 acabat, li falten uns detalls. La Celebraci\u00f3 \u00e9s aquest divendres. <\/strong><\/h4>\n<h4 class=\"gmail_attr\" style=\"text-align: justify;\"><strong>La gran pregunta \u00e9s: Quin benefici han obtingut aquest v\u00e0ndals?<\/strong><\/h4>\n<h4 class=\"gmail_attr\" style=\"text-align: justify;\"><strong>Snif<\/strong><span style=\"color: #888888;\"><br \/>\n<\/span><\/h4>\n<p><a href=\"https:\/\/agora.xtec.cat\/iesmiquelcrusafont\/wp-content\/uploads\/usu1686\/2022\/06\/Foto-1c.jpg\"><img loading=\"lazy\" decoding=\"async\" class=\"size-full wp-image-3007 aligncenter\" src=\"https:\/\/agora.xtec.cat\/iesmiquelcrusafont\/wp-content\/uploads\/usu1686\/2022\/06\/Foto-1c.jpg\" alt=\"\" width=\"600\" height=\"450\" srcset=\"https:\/\/agora.xtec.cat\/iesmiquelcrusafont\/wp-content\/uploads\/usu1686\/2022\/06\/Foto-1c.jpg 600w, https:\/\/agora.xtec.cat\/iesmiquelcrusafont\/wp-content\/uploads\/usu1686\/2022\/06\/Foto-1c-300x225.jpg 300w, https:\/\/agora.xtec.cat\/iesmiquelcrusafont\/wp-content\/uploads\/usu1686\/2022\/06\/Foto-1c-200x150.jpg 200w\" sizes=\"auto, (max-width: 600px) 100vw, 600px\" \/><\/a><\/p>\n<h4 class=\"gmail_attr\" style=\"text-align: right;\">Beni<\/h4>\n","protected":false},"excerpt":{"rendered":"<p>Aquest cap de setmana han entrat uns v\u00e0ndals a l&#8217;Institut i han pintat a sobre del mural d&#8217;Aniversari del nostre Centre.&hellip;  <a href=\"https:\/\/agora.xtec.cat\/iesmiquelcrusafont\/eso\/vandalisme-al-crusafont\/\" title=\"Read VANDALISME AL CRUSAFONT.\">Llegeix m\u00e9s\u00bb<\/a><\/p>\n","protected":false},"author":1,"featured_media":3010,"comment_status":"open","ping_status":"closed","sticky":false,"template":"","format":"standard","meta":{"_bbp_topic_count":0,"_bbp_reply_count":0,"_bbp_total_topic_count":0,"_bbp_total_reply_count":0,"_bbp_voice_count":0,"_bbp_anonymous_reply_count":0,"_bbp_topic_count_hidden":0,"_bbp_reply_count_hidden":0,"_bbp_forum_subforum_count":0,"footnotes":""},"categories":[7,3,110,29],"tags":[],"class_list":["post-3006","post","type-post","status-publish","format-standard","has-post-thumbnail","hentry","category-eso-4","category-eso","category-expressio","category-portada"],"post_mailing_queue_ids":[],"_links":{"self":[{"href":"https:\/\/agora.xtec.cat\/iesmiquelcrusafont\/wp-json\/wp\/v2\/posts\/3006","targetHints":{"allow":["GET"]}}],"collection":[{"href":"https:\/\/agora.xtec.cat\/iesmiquelcrusafont\/wp-json\/wp\/v2\/posts"}],"about":[{"href":"https:\/\/agora.xtec.cat\/iesmiquelcrusafont\/wp-json\/wp\/v2\/types\/post"}],"author":[{"embeddable":true,"href":"https:\/\/agora.xtec.cat\/iesmiquelcrusafont\/wp-json\/wp\/v2\/users\/1"}],"replies":[{"embeddable":true,"href":"https:\/\/agora.xtec.cat\/iesmiquelcrusafont\/wp-json\/wp\/v2\/comments?post=3006"}],"version-history":[{"count":3,"href":"https:\/\/agora.xtec.cat\/iesmiquelcrusafont\/wp-json\/wp\/v2\/posts\/3006\/revisions"}],"predecessor-version":[{"id":3011,"href":"https:\/\/agora.xtec.cat\/iesmiquelcrusafont\/wp-json\/wp\/v2\/posts\/3006\/revisions\/3011"}],"wp:featuredmedia":[{"embeddable":true,"href":"https:\/\/agora.xtec.cat\/iesmiquelcrusafont\/wp-json\/wp\/v2\/media\/3010"}],"wp:attachment":[{"href":"https:\/\/agora.xtec.cat\/iesmiquelcrusafont\/wp-json\/wp\/v2\/media?parent=3006"}],"wp:term":[{"taxonomy":"category","embeddable":true,"href":"https:\/\/agora.xtec.cat\/iesmiquelcrusafont\/wp-json\/wp\/v2\/categories?post=3006"},{"taxonomy":"post_tag","embeddable":true,"href":"https:\/\/agora.xtec.cat\/iesmiquelcrusafont\/wp-json\/wp\/v2\/tags?post=3006"}],"curies":[{"name":"wp","href":"https:\/\/api.w.org\/{rel}","templated":true}]}}