{"id":2992,"date":"2022-05-31T10:48:53","date_gmt":"2022-05-31T08:48:53","guid":{"rendered":"https:\/\/agora.xtec.cat\/iesmiquelcrusafont\/?p=2992"},"modified":"2022-06-13T19:23:53","modified_gmt":"2022-06-13T17:23:53","slug":"26e-aniversari-de-lins-miquel-crusafont-251","status":"publish","type":"post","link":"https:\/\/agora.xtec.cat\/iesmiquelcrusafont\/general\/26e-aniversari-de-lins-miquel-crusafont-251\/","title":{"rendered":"26\u00e8 ANIVERSARI DE L&#8217;INS MIQUEL CRUSAFONT (25+1)"},"content":{"rendered":"<h3 style=\"text-align: center;\"><span style=\"text-decoration: underline; color: #333399;\"><b>26\u00e8 aniversari de l\u2019INS Miquel Crusafont (25+1)<\/b><\/span><\/h3>\n<p>&nbsp;<\/p>\n<h4 style=\"text-align: justify;\"><span style=\"color: #333399;\">L\u2019any passat l\u2019INS Miquel Crusafont va fer 25 anys, per\u00f2 en aquell moment no ho vam poder celebrar a causa de les restriccions provocades per la pand\u00e8mia. \u00c9s per aix\u00f2 que hem decidit celebrar ara els 26 anys del nostre estimat institut (25+1) i fer que la celebraci\u00f3 sigui doble.<\/span><\/h4>\n<h4 style=\"text-align: justify;\"><span style=\"color: #333399;\">La celebraci\u00f3, organitzada en col\u00b7laboraci\u00f3 amb l\u2019Ajuntament de Sabadell, ser\u00e0 el dia 10 de juny i a partir de les 11 del mat\u00ed es faran diverses activitats dins el recinte de l\u2019institut fins a les 13.30<\/span><\/h4>\n<p>&nbsp;<\/p>\n<p><a href=\"https:\/\/agora.xtec.cat\/iesmiquelcrusafont\/wp-content\/uploads\/usu1686\/2022\/05\/PORTADA-3-1.jpg\"><img loading=\"lazy\" decoding=\"async\" class=\" wp-image-3001 aligncenter\" src=\"https:\/\/agora.xtec.cat\/iesmiquelcrusafont\/wp-content\/uploads\/usu1686\/2022\/05\/PORTADA-3-1.jpg\" alt=\"\" width=\"538\" height=\"374\" srcset=\"https:\/\/agora.xtec.cat\/iesmiquelcrusafont\/wp-content\/uploads\/usu1686\/2022\/05\/PORTADA-3-1.jpg 452w, https:\/\/agora.xtec.cat\/iesmiquelcrusafont\/wp-content\/uploads\/usu1686\/2022\/05\/PORTADA-3-1-300x208.jpg 300w\" sizes=\"auto, (max-width: 538px) 100vw, 538px\" \/><\/a><\/p>\n<p>&nbsp;<\/p>\n<p>&nbsp;<\/p>\n","protected":false},"excerpt":{"rendered":"<p>La celebraci\u00f3, organitzada en col\u00b7laboraci\u00f3 amb l\u2019Ajuntament de Sabadell, ser\u00e0 el dia 10 de juny i a partir de les 11 del mat\u00ed es faran diverses activitats dins el recinte de l\u2019institut fins a les 13.30&hellip;  <a href=\"https:\/\/agora.xtec.cat\/iesmiquelcrusafont\/general\/26e-aniversari-de-lins-miquel-crusafont-251\/\" title=\"Read 26\u00e8 ANIVERSARI DE L&#8217;INS MIQUEL CRUSAFONT (25+1)\">Llegeix m\u00e9s\u00bb<\/a><\/p>\n","protected":false},"author":1,"featured_media":3001,"comment_status":"open","ping_status":"closed","sticky":false,"template":"","format":"standard","meta":{"_bbp_topic_count":0,"_bbp_reply_count":0,"_bbp_total_topic_count":0,"_bbp_total_reply_count":0,"_bbp_voice_count":0,"_bbp_anonymous_reply_count":0,"_bbp_topic_count_hidden":0,"_bbp_reply_count_hidden":0,"_bbp_forum_subforum_count":0,"footnotes":""},"categories":[8,3,1,29],"tags":[],"class_list":["post-2992","post","type-post","status-publish","format-standard","has-post-thumbnail","hentry","category-batxillerat","category-eso","category-general","category-portada"],"post_mailing_queue_ids":[],"_links":{"self":[{"href":"https:\/\/agora.xtec.cat\/iesmiquelcrusafont\/wp-json\/wp\/v2\/posts\/2992","targetHints":{"allow":["GET"]}}],"collection":[{"href":"https:\/\/agora.xtec.cat\/iesmiquelcrusafont\/wp-json\/wp\/v2\/posts"}],"about":[{"href":"https:\/\/agora.xtec.cat\/iesmiquelcrusafont\/wp-json\/wp\/v2\/types\/post"}],"author":[{"embeddable":true,"href":"https:\/\/agora.xtec.cat\/iesmiquelcrusafont\/wp-json\/wp\/v2\/users\/1"}],"replies":[{"embeddable":true,"href":"https:\/\/agora.xtec.cat\/iesmiquelcrusafont\/wp-json\/wp\/v2\/comments?post=2992"}],"version-history":[{"count":3,"href":"https:\/\/agora.xtec.cat\/iesmiquelcrusafont\/wp-json\/wp\/v2\/posts\/2992\/revisions"}],"predecessor-version":[{"id":3002,"href":"https:\/\/agora.xtec.cat\/iesmiquelcrusafont\/wp-json\/wp\/v2\/posts\/2992\/revisions\/3002"}],"wp:featuredmedia":[{"embeddable":true,"href":"https:\/\/agora.xtec.cat\/iesmiquelcrusafont\/wp-json\/wp\/v2\/media\/3001"}],"wp:attachment":[{"href":"https:\/\/agora.xtec.cat\/iesmiquelcrusafont\/wp-json\/wp\/v2\/media?parent=2992"}],"wp:term":[{"taxonomy":"category","embeddable":true,"href":"https:\/\/agora.xtec.cat\/iesmiquelcrusafont\/wp-json\/wp\/v2\/categories?post=2992"},{"taxonomy":"post_tag","embeddable":true,"href":"https:\/\/agora.xtec.cat\/iesmiquelcrusafont\/wp-json\/wp\/v2\/tags?post=2992"}],"curies":[{"name":"wp","href":"https:\/\/api.w.org\/{rel}","templated":true}]}}