{"id":2977,"date":"2022-05-30T20:12:53","date_gmt":"2022-05-30T18:12:53","guid":{"rendered":"https:\/\/agora.xtec.cat\/iesmiquelcrusafont\/?p=2977"},"modified":"2022-05-30T20:12:53","modified_gmt":"2022-05-30T18:12:53","slug":"lofici-de-luthier-per-claudia-fite","status":"publish","type":"post","link":"https:\/\/agora.xtec.cat\/iesmiquelcrusafont\/eso\/lofici-de-luthier-per-claudia-fite\/","title":{"rendered":"L&#8217;OFICI DE LUTHIER PER CL\u00c0UDIA FIT\u00c9"},"content":{"rendered":"<h4 dir=\"auto\" style=\"text-align: justify;\">Avui ens ha visitat una Luthier, la Cl\u00e0udia Fit\u00e9 i ha explicat a l&#8217;alumnat de 1r d&#8217;ESO com es pot formar un Luthier, amb quines eines i material treballa i quant triga a construir un viol\u00ed, una viola o un violoncel.<\/h4>\n<h4 dir=\"auto\" style=\"text-align: justify;\">L&#8217;alumnat ha pogut veure parts dels instruments abans de ser constru\u00efts, ha dut un viol\u00ed que hem pogut comparar amb una viola que tamb\u00e9 ha dut la Caran i hem descobert lo meravell\u00f3s que \u00e9s aquest ofici.<\/h4>\n<h4 dir=\"auto\" style=\"text-align: justify;\">La Cl\u00e0udia t\u00e9 un taller a Sabadell on tant hi construeix instruments, com en repara.<\/h4>\n<h4 dir=\"auto\" style=\"text-align: justify;\"><a href=\"https:\/\/agora.xtec.cat\/iesmiquelcrusafont\/wp-content\/uploads\/usu1686\/2022\/05\/Foto-4.jpg\"><img loading=\"lazy\" decoding=\"async\" class=\"size-full wp-image-2983 aligncenter\" src=\"https:\/\/agora.xtec.cat\/iesmiquelcrusafont\/wp-content\/uploads\/usu1686\/2022\/05\/Foto-4.jpg\" alt=\"\" width=\"350\" height=\"358\" srcset=\"https:\/\/agora.xtec.cat\/iesmiquelcrusafont\/wp-content\/uploads\/usu1686\/2022\/05\/Foto-4.jpg 350w, https:\/\/agora.xtec.cat\/iesmiquelcrusafont\/wp-content\/uploads\/usu1686\/2022\/05\/Foto-4-293x300.jpg 293w\" sizes=\"auto, (max-width: 350px) 100vw, 350px\" \/><\/a><\/h4>\n<p>&nbsp;<\/p>\n<p><a href=\"https:\/\/agora.xtec.cat\/iesmiquelcrusafont\/wp-content\/uploads\/usu1686\/2022\/05\/Foto-3-1.jpg\"><img loading=\"lazy\" decoding=\"async\" class=\" wp-image-2982 alignnone\" src=\"https:\/\/agora.xtec.cat\/iesmiquelcrusafont\/wp-content\/uploads\/usu1686\/2022\/05\/Foto-3-1.jpg\" alt=\"\" width=\"614\" height=\"424\" srcset=\"https:\/\/agora.xtec.cat\/iesmiquelcrusafont\/wp-content\/uploads\/usu1686\/2022\/05\/Foto-3-1.jpg 600w, https:\/\/agora.xtec.cat\/iesmiquelcrusafont\/wp-content\/uploads\/usu1686\/2022\/05\/Foto-3-1-300x207.jpg 300w\" sizes=\"auto, (max-width: 614px) 100vw, 614px\" \/><\/a><\/p>\n<p><a href=\"https:\/\/agora.xtec.cat\/iesmiquelcrusafont\/wp-content\/uploads\/usu1686\/2022\/05\/Foto-2-1.jpg\"><img loading=\"lazy\" decoding=\"async\" class=\" wp-image-2981 alignnone\" src=\"https:\/\/agora.xtec.cat\/iesmiquelcrusafont\/wp-content\/uploads\/usu1686\/2022\/05\/Foto-2-1.jpg\" alt=\"\" width=\"699\" height=\"314\" srcset=\"https:\/\/agora.xtec.cat\/iesmiquelcrusafont\/wp-content\/uploads\/usu1686\/2022\/05\/Foto-2-1.jpg 650w, https:\/\/agora.xtec.cat\/iesmiquelcrusafont\/wp-content\/uploads\/usu1686\/2022\/05\/Foto-2-1-300x135.jpg 300w\" sizes=\"auto, (max-width: 699px) 100vw, 699px\" \/><\/a><\/p>\n<p><a href=\"https:\/\/agora.xtec.cat\/iesmiquelcrusafont\/wp-content\/uploads\/usu1686\/2022\/05\/Foto-1-1.jpg\"><img loading=\"lazy\" decoding=\"async\" class=\"size-full wp-image-2980 aligncenter\" src=\"https:\/\/agora.xtec.cat\/iesmiquelcrusafont\/wp-content\/uploads\/usu1686\/2022\/05\/Foto-1-1.jpg\" alt=\"\" width=\"400\" height=\"259\" srcset=\"https:\/\/agora.xtec.cat\/iesmiquelcrusafont\/wp-content\/uploads\/usu1686\/2022\/05\/Foto-1-1.jpg 400w, https:\/\/agora.xtec.cat\/iesmiquelcrusafont\/wp-content\/uploads\/usu1686\/2022\/05\/Foto-1-1-300x194.jpg 300w\" sizes=\"auto, (max-width: 400px) 100vw, 400px\" \/><\/a><\/p>\n","protected":false},"excerpt":{"rendered":"<p>Avui ens ha visitat una Luthier, la Cl\u00e0udia Fit\u00e9 i ha explicat a l&#8217;alumnat de 1r d&#8217;eso com es pot formar un Luthier, amb quines eines i material treballa i quant triga a construir un viol\u00ed, una viola o un violoncel.&hellip;  <a href=\"https:\/\/agora.xtec.cat\/iesmiquelcrusafont\/eso\/lofici-de-luthier-per-claudia-fite\/\" title=\"Read L&#8217;OFICI DE LUTHIER PER CL\u00c0UDIA FIT\u00c9\">Llegeix m\u00e9s\u00bb<\/a><\/p>\n","protected":false},"author":1,"featured_media":2979,"comment_status":"open","ping_status":"closed","sticky":false,"template":"","format":"standard","meta":{"_bbp_topic_count":0,"_bbp_reply_count":0,"_bbp_total_topic_count":0,"_bbp_total_reply_count":0,"_bbp_voice_count":0,"_bbp_anonymous_reply_count":0,"_bbp_topic_count_hidden":0,"_bbp_reply_count_hidden":0,"_bbp_forum_subforum_count":0,"footnotes":""},"categories":[3,110,29],"tags":[],"class_list":["post-2977","post","type-post","status-publish","format-standard","has-post-thumbnail","hentry","category-eso","category-expressio","category-portada"],"post_mailing_queue_ids":[],"_links":{"self":[{"href":"https:\/\/agora.xtec.cat\/iesmiquelcrusafont\/wp-json\/wp\/v2\/posts\/2977","targetHints":{"allow":["GET"]}}],"collection":[{"href":"https:\/\/agora.xtec.cat\/iesmiquelcrusafont\/wp-json\/wp\/v2\/posts"}],"about":[{"href":"https:\/\/agora.xtec.cat\/iesmiquelcrusafont\/wp-json\/wp\/v2\/types\/post"}],"author":[{"embeddable":true,"href":"https:\/\/agora.xtec.cat\/iesmiquelcrusafont\/wp-json\/wp\/v2\/users\/1"}],"replies":[{"embeddable":true,"href":"https:\/\/agora.xtec.cat\/iesmiquelcrusafont\/wp-json\/wp\/v2\/comments?post=2977"}],"version-history":[{"count":3,"href":"https:\/\/agora.xtec.cat\/iesmiquelcrusafont\/wp-json\/wp\/v2\/posts\/2977\/revisions"}],"predecessor-version":[{"id":2991,"href":"https:\/\/agora.xtec.cat\/iesmiquelcrusafont\/wp-json\/wp\/v2\/posts\/2977\/revisions\/2991"}],"wp:featuredmedia":[{"embeddable":true,"href":"https:\/\/agora.xtec.cat\/iesmiquelcrusafont\/wp-json\/wp\/v2\/media\/2979"}],"wp:attachment":[{"href":"https:\/\/agora.xtec.cat\/iesmiquelcrusafont\/wp-json\/wp\/v2\/media?parent=2977"}],"wp:term":[{"taxonomy":"category","embeddable":true,"href":"https:\/\/agora.xtec.cat\/iesmiquelcrusafont\/wp-json\/wp\/v2\/categories?post=2977"},{"taxonomy":"post_tag","embeddable":true,"href":"https:\/\/agora.xtec.cat\/iesmiquelcrusafont\/wp-json\/wp\/v2\/tags?post=2977"}],"curies":[{"name":"wp","href":"https:\/\/api.w.org\/{rel}","templated":true}]}}