{"id":2891,"date":"2022-04-23T20:00:39","date_gmt":"2022-04-23T18:00:39","guid":{"rendered":"https:\/\/agora.xtec.cat\/iesmiquelcrusafont\/?p=2891"},"modified":"2022-04-27T20:06:36","modified_gmt":"2022-04-27T18:06:36","slug":"visita-al-museu-picasso-visual-i-plastica-4t-optativa","status":"publish","type":"post","link":"https:\/\/agora.xtec.cat\/iesmiquelcrusafont\/general\/visita-al-museu-picasso-visual-i-plastica-4t-optativa\/","title":{"rendered":"VISITA AL MUSEU PICASSO &#8211; Visual i Pl\u00e0stica 4t Optativa-"},"content":{"rendered":"<h4 style=\"text-align: justify;\"><span style=\"color: #008000;\">L&#8217;alumnat de la mat\u00e8ria optativa d&#8217;Educaci\u00f3 Visual i Pl\u00e0stica de 4t ha visitat el Museu Picasso de Barcelona aquest mat\u00ed.<\/span><\/h4>\n<h4 style=\"text-align: justify;\"><span style=\"color: #008000;\">Han fet una visita guiada i un taller relacionat amb l&#8217;autoretrat amb l&#8217;estil de l&#8217;artista.<\/span><\/h4>\n<p><a href=\"https:\/\/agora.xtec.cat\/iesmiquelcrusafont\/wp-content\/uploads\/usu1686\/2022\/04\/Foto-1.jpg\"><img loading=\"lazy\" decoding=\"async\" class=\"size-full wp-image-2893 aligncenter\" src=\"https:\/\/agora.xtec.cat\/iesmiquelcrusafont\/wp-content\/uploads\/usu1686\/2022\/04\/Foto-1.jpg\" alt=\"\" width=\"476\" height=\"300\" srcset=\"https:\/\/agora.xtec.cat\/iesmiquelcrusafont\/wp-content\/uploads\/usu1686\/2022\/04\/Foto-1.jpg 476w, https:\/\/agora.xtec.cat\/iesmiquelcrusafont\/wp-content\/uploads\/usu1686\/2022\/04\/Foto-1-300x189.jpg 300w\" sizes=\"auto, (max-width: 476px) 100vw, 476px\" \/><\/a><\/p>\n<p><a href=\"https:\/\/agora.xtec.cat\/iesmiquelcrusafont\/wp-content\/uploads\/usu1686\/2022\/04\/Foto-6.jpg\"><img loading=\"lazy\" decoding=\"async\" class=\"size-full wp-image-2898 alignright\" src=\"https:\/\/agora.xtec.cat\/iesmiquelcrusafont\/wp-content\/uploads\/usu1686\/2022\/04\/Foto-6.jpg\" alt=\"\" width=\"550\" height=\"244\" srcset=\"https:\/\/agora.xtec.cat\/iesmiquelcrusafont\/wp-content\/uploads\/usu1686\/2022\/04\/Foto-6.jpg 550w, https:\/\/agora.xtec.cat\/iesmiquelcrusafont\/wp-content\/uploads\/usu1686\/2022\/04\/Foto-6-300x133.jpg 300w\" sizes=\"auto, (max-width: 550px) 100vw, 550px\" \/><\/a><\/p>\n<p><a href=\"https:\/\/agora.xtec.cat\/iesmiquelcrusafont\/wp-content\/uploads\/usu1686\/2022\/04\/Foto-4.jpg\"><img loading=\"lazy\" decoding=\"async\" class=\"alignnone size-full wp-image-2896\" src=\"https:\/\/agora.xtec.cat\/iesmiquelcrusafont\/wp-content\/uploads\/usu1686\/2022\/04\/Foto-4.jpg\" alt=\"\" width=\"400\" height=\"215\" srcset=\"https:\/\/agora.xtec.cat\/iesmiquelcrusafont\/wp-content\/uploads\/usu1686\/2022\/04\/Foto-4.jpg 400w, https:\/\/agora.xtec.cat\/iesmiquelcrusafont\/wp-content\/uploads\/usu1686\/2022\/04\/Foto-4-300x161.jpg 300w\" sizes=\"auto, (max-width: 400px) 100vw, 400px\" \/><\/a><\/p>\n<p><a href=\"https:\/\/agora.xtec.cat\/iesmiquelcrusafont\/wp-content\/uploads\/usu1686\/2022\/04\/Foto-2.jpg\"><img loading=\"lazy\" decoding=\"async\" class=\"alignnone size-full wp-image-2894\" src=\"https:\/\/agora.xtec.cat\/iesmiquelcrusafont\/wp-content\/uploads\/usu1686\/2022\/04\/Foto-2.jpg\" alt=\"\" width=\"427\" height=\"300\" srcset=\"https:\/\/agora.xtec.cat\/iesmiquelcrusafont\/wp-content\/uploads\/usu1686\/2022\/04\/Foto-2.jpg 427w, https:\/\/agora.xtec.cat\/iesmiquelcrusafont\/wp-content\/uploads\/usu1686\/2022\/04\/Foto-2-300x211.jpg 300w\" sizes=\"auto, (max-width: 427px) 100vw, 427px\" \/><\/a><\/p>\n<p><a href=\"https:\/\/agora.xtec.cat\/iesmiquelcrusafont\/wp-content\/uploads\/usu1686\/2022\/04\/Foto-4.jpg\"><img loading=\"lazy\" decoding=\"async\" class=\"size-full wp-image-2896 aligncenter\" src=\"https:\/\/agora.xtec.cat\/iesmiquelcrusafont\/wp-content\/uploads\/usu1686\/2022\/04\/Foto-4.jpg\" alt=\"\" width=\"400\" height=\"215\" srcset=\"https:\/\/agora.xtec.cat\/iesmiquelcrusafont\/wp-content\/uploads\/usu1686\/2022\/04\/Foto-4.jpg 400w, https:\/\/agora.xtec.cat\/iesmiquelcrusafont\/wp-content\/uploads\/usu1686\/2022\/04\/Foto-4-300x161.jpg 300w\" sizes=\"auto, (max-width: 400px) 100vw, 400px\" \/><\/a><\/p>\n<p><a href=\"https:\/\/agora.xtec.cat\/iesmiquelcrusafont\/wp-content\/uploads\/usu1686\/2022\/04\/Foto-5.jpg\"><img loading=\"lazy\" decoding=\"async\" class=\"size-full wp-image-2897 alignnone\" src=\"https:\/\/agora.xtec.cat\/iesmiquelcrusafont\/wp-content\/uploads\/usu1686\/2022\/04\/Foto-5.jpg\" alt=\"\" width=\"443\" height=\"200\" srcset=\"https:\/\/agora.xtec.cat\/iesmiquelcrusafont\/wp-content\/uploads\/usu1686\/2022\/04\/Foto-5.jpg 443w, https:\/\/agora.xtec.cat\/iesmiquelcrusafont\/wp-content\/uploads\/usu1686\/2022\/04\/Foto-5-300x135.jpg 300w\" sizes=\"auto, (max-width: 443px) 100vw, 443px\" \/><\/a><\/p>\n","protected":false},"excerpt":{"rendered":"<p>Visita al Museu Picasso de Barcelona&#8230;&hellip;  <a href=\"https:\/\/agora.xtec.cat\/iesmiquelcrusafont\/general\/visita-al-museu-picasso-visual-i-plastica-4t-optativa\/\" title=\"Read VISITA AL MUSEU PICASSO &#8211; Visual i Pl\u00e0stica 4t Optativa-\">Llegeix m\u00e9s\u00bb<\/a><\/p>\n","protected":false},"author":1,"featured_media":2892,"comment_status":"open","ping_status":"closed","sticky":false,"template":"","format":"standard","meta":{"_bbp_topic_count":0,"_bbp_reply_count":0,"_bbp_total_topic_count":0,"_bbp_total_reply_count":0,"_bbp_voice_count":0,"_bbp_anonymous_reply_count":0,"_bbp_topic_count_hidden":0,"_bbp_reply_count_hidden":0,"_bbp_forum_subforum_count":0,"footnotes":""},"categories":[7,3,110,1,29],"tags":[],"class_list":["post-2891","post","type-post","status-publish","format-standard","has-post-thumbnail","hentry","category-eso-4","category-eso","category-expressio","category-general","category-portada"],"post_mailing_queue_ids":[],"_links":{"self":[{"href":"https:\/\/agora.xtec.cat\/iesmiquelcrusafont\/wp-json\/wp\/v2\/posts\/2891","targetHints":{"allow":["GET"]}}],"collection":[{"href":"https:\/\/agora.xtec.cat\/iesmiquelcrusafont\/wp-json\/wp\/v2\/posts"}],"about":[{"href":"https:\/\/agora.xtec.cat\/iesmiquelcrusafont\/wp-json\/wp\/v2\/types\/post"}],"author":[{"embeddable":true,"href":"https:\/\/agora.xtec.cat\/iesmiquelcrusafont\/wp-json\/wp\/v2\/users\/1"}],"replies":[{"embeddable":true,"href":"https:\/\/agora.xtec.cat\/iesmiquelcrusafont\/wp-json\/wp\/v2\/comments?post=2891"}],"version-history":[{"count":3,"href":"https:\/\/agora.xtec.cat\/iesmiquelcrusafont\/wp-json\/wp\/v2\/posts\/2891\/revisions"}],"predecessor-version":[{"id":2910,"href":"https:\/\/agora.xtec.cat\/iesmiquelcrusafont\/wp-json\/wp\/v2\/posts\/2891\/revisions\/2910"}],"wp:featuredmedia":[{"embeddable":true,"href":"https:\/\/agora.xtec.cat\/iesmiquelcrusafont\/wp-json\/wp\/v2\/media\/2892"}],"wp:attachment":[{"href":"https:\/\/agora.xtec.cat\/iesmiquelcrusafont\/wp-json\/wp\/v2\/media?parent=2891"}],"wp:term":[{"taxonomy":"category","embeddable":true,"href":"https:\/\/agora.xtec.cat\/iesmiquelcrusafont\/wp-json\/wp\/v2\/categories?post=2891"},{"taxonomy":"post_tag","embeddable":true,"href":"https:\/\/agora.xtec.cat\/iesmiquelcrusafont\/wp-json\/wp\/v2\/tags?post=2891"}],"curies":[{"name":"wp","href":"https:\/\/api.w.org\/{rel}","templated":true}]}}