{"id":2852,"date":"2022-04-07T10:26:34","date_gmt":"2022-04-07T08:26:34","guid":{"rendered":"https:\/\/agora.xtec.cat\/iesmiquelcrusafont\/?p=2852"},"modified":"2022-04-27T19:26:15","modified_gmt":"2022-04-27T17:26:15","slug":"beques-estudis-postobligatoris-curs-22-23","status":"publish","type":"post","link":"https:\/\/agora.xtec.cat\/iesmiquelcrusafont\/general\/beques-estudis-postobligatoris-curs-22-23\/","title":{"rendered":"BEQUES estudis postobligatoris curs 22-23"},"content":{"rendered":"<h5><strong>Bon dia,\u00a0<\/strong><\/h5>\n<p><strong>Us escrivim per comunicar-vos que hi ha un nou calendari de sol\u00b7licituds de la convocat\u00f2ria de\u00a0BEQUES\u00a0generals per a estudis\u00a0POSTOBLIGATORIS\u00a0del curs\u00a02022-2023.<\/strong><\/p>\n<p><strong>\u00c9s\u00a0imprescindible\u00a0sol\u00b7licitar la beca en la convocat\u00f2ria que s&#8217;obre del\u00a030 de mar\u00e7 al 12 de maig de 2022.<\/strong><\/p>\n<p><strong>Cal sol\u00b7licitar-la\u00a0ara\u00a0en tots els casos:<\/strong><\/p>\n<ul>\n<li><strong>Si el curs 2022-2023 tinc pensat estudiar a qualsevol universitat.<\/strong><\/li>\n<li><strong>Si el curs 2022-2023 tinc pensat estudiar batxillerat o un cicle formatiu.<\/strong><\/li>\n<li><strong>Si no tinc del tot clar si estudiar\u00e9 o no en el curs 2022-2023, tamb\u00e9 s&#8217;ha de sol\u00b7licitar ara.<\/strong><\/li>\n<\/ul>\n<p><strong>No hi haur\u00e0\u00a0cap altra possibilitat\u00a0de presentar la sol\u00b7licitud fora del termini del 30 de mar\u00e7 al 12 de maig de 2022.<\/strong><\/p>\n<p><strong>Us passem l&#8217;enlla\u00e7 al web del ministeri on trobareu tota la informaci\u00f3 necess\u00e0ria i l\u2019acc\u00e9s al formulari de sol\u00b7licitud.<\/strong><\/p>\n<p><strong>MEFP:\u00a0<a href=\"https:\/\/www.becaseducacion.gob.es\/becas-y-ayudas.html\" data-saferedirecturl=\"https:\/\/www.google.com\/url?q=https:\/\/www.becaseducacion.gob.es\/becas-y-ayudas.html&amp;source=gmail&amp;ust=1649406054168000&amp;usg=AOvVaw27I0aSy0b-ta1WNMc1tNQb\">https:\/\/www.becaseducacion.gob.es\/becas-y-ayudas.html<\/a><\/strong><\/p>\n<p><strong>Si teniu alguna dificultat amb la gesti\u00f3 podeu contactar amb la Carol (TIS)\u00a0<u><a href=\"mailto:carolina.fuentes@crusafont.cat\">carolina.fuentes@crusafont.cat<\/a><\/u>\u00a0\u00a0<\/strong><\/p>\n<p style=\"text-align: right;\"><strong>Salutacions,<\/strong><\/p>\n<p style=\"text-align: right;\"><strong>Departament d&#8217;Orientaci\u00f3<\/strong><\/p>\n<h5><\/h5>\n","protected":false},"excerpt":{"rendered":"<p>Nou calendari de sol\u00b7licituds de la convocat\u00f2ria de\u00a0BEQUES\u00a0generals per a estudis\u00a0POSTOBLIGATORIS\u00a0del curs\u00a02022-2023.&hellip;  <a href=\"https:\/\/agora.xtec.cat\/iesmiquelcrusafont\/general\/beques-estudis-postobligatoris-curs-22-23\/\" title=\"Read BEQUES estudis postobligatoris curs 22-23\">Llegeix m\u00e9s\u00bb<\/a><\/p>\n","protected":false},"author":1,"featured_media":2236,"comment_status":"open","ping_status":"closed","sticky":false,"template":"","format":"standard","meta":{"_bbp_topic_count":0,"_bbp_reply_count":0,"_bbp_total_topic_count":0,"_bbp_total_reply_count":0,"_bbp_voice_count":0,"_bbp_anonymous_reply_count":0,"_bbp_topic_count_hidden":0,"_bbp_reply_count_hidden":0,"_bbp_forum_subforum_count":0,"footnotes":""},"categories":[8,109,1,29],"tags":[],"class_list":["post-2852","post","type-post","status-publish","format-standard","has-post-thumbnail","hentry","category-batxillerat","category-diversitat","category-general","category-portada"],"post_mailing_queue_ids":[],"_links":{"self":[{"href":"https:\/\/agora.xtec.cat\/iesmiquelcrusafont\/wp-json\/wp\/v2\/posts\/2852","targetHints":{"allow":["GET"]}}],"collection":[{"href":"https:\/\/agora.xtec.cat\/iesmiquelcrusafont\/wp-json\/wp\/v2\/posts"}],"about":[{"href":"https:\/\/agora.xtec.cat\/iesmiquelcrusafont\/wp-json\/wp\/v2\/types\/post"}],"author":[{"embeddable":true,"href":"https:\/\/agora.xtec.cat\/iesmiquelcrusafont\/wp-json\/wp\/v2\/users\/1"}],"replies":[{"embeddable":true,"href":"https:\/\/agora.xtec.cat\/iesmiquelcrusafont\/wp-json\/wp\/v2\/comments?post=2852"}],"version-history":[{"count":3,"href":"https:\/\/agora.xtec.cat\/iesmiquelcrusafont\/wp-json\/wp\/v2\/posts\/2852\/revisions"}],"predecessor-version":[{"id":2855,"href":"https:\/\/agora.xtec.cat\/iesmiquelcrusafont\/wp-json\/wp\/v2\/posts\/2852\/revisions\/2855"}],"wp:featuredmedia":[{"embeddable":true,"href":"https:\/\/agora.xtec.cat\/iesmiquelcrusafont\/wp-json\/wp\/v2\/media\/2236"}],"wp:attachment":[{"href":"https:\/\/agora.xtec.cat\/iesmiquelcrusafont\/wp-json\/wp\/v2\/media?parent=2852"}],"wp:term":[{"taxonomy":"category","embeddable":true,"href":"https:\/\/agora.xtec.cat\/iesmiquelcrusafont\/wp-json\/wp\/v2\/categories?post=2852"},{"taxonomy":"post_tag","embeddable":true,"href":"https:\/\/agora.xtec.cat\/iesmiquelcrusafont\/wp-json\/wp\/v2\/tags?post=2852"}],"curies":[{"name":"wp","href":"https:\/\/api.w.org\/{rel}","templated":true}]}}