{"id":2826,"date":"2022-03-18T20:19:38","date_gmt":"2022-03-18T19:19:38","guid":{"rendered":"https:\/\/agora.xtec.cat\/iesmiquelcrusafont\/?p=2826"},"modified":"2022-03-18T20:19:38","modified_gmt":"2022-03-18T19:19:38","slug":"practica-denergies-renovables-a-can-barba-2n-batxillerat-cientific","status":"publish","type":"post","link":"https:\/\/agora.xtec.cat\/iesmiquelcrusafont\/general\/practica-denergies-renovables-a-can-barba-2n-batxillerat-cientific\/","title":{"rendered":"PR\u00c0CTICA D&#8217;ENERGIES RENOVABLES A CAN BARBA -2n Batxillerat cient\u00edfic-"},"content":{"rendered":"<h4 style=\"text-align: justify;\"><strong>Els alumnes de segon de batxillerat cient\u00edfic van visitar la planta de metanitzaci\u00f3 de Can Barba on van fer una classe te\u00f2rica i pr\u00e0ctica d&#8217;energies renovables centrada en l&#8217;obtenci\u00f3 de biog\u00e0s a partir de residus org\u00e0nics.<\/strong><\/h4>\n<p><a href=\"https:\/\/agora.xtec.cat\/iesmiquelcrusafont\/wp-content\/uploads\/usu1686\/2022\/03\/Foto-2-2.jpg\"><img loading=\"lazy\" decoding=\"async\" class=\"size-full wp-image-2828 aligncenter\" src=\"https:\/\/agora.xtec.cat\/iesmiquelcrusafont\/wp-content\/uploads\/usu1686\/2022\/03\/Foto-2-2.jpg\" alt=\"\" width=\"593\" height=\"379\" srcset=\"https:\/\/agora.xtec.cat\/iesmiquelcrusafont\/wp-content\/uploads\/usu1686\/2022\/03\/Foto-2-2.jpg 593w, https:\/\/agora.xtec.cat\/iesmiquelcrusafont\/wp-content\/uploads\/usu1686\/2022\/03\/Foto-2-2-300x192.jpg 300w\" sizes=\"auto, (max-width: 593px) 100vw, 593px\" \/><\/a><\/p>\n<p><a href=\"https:\/\/agora.xtec.cat\/iesmiquelcrusafont\/wp-content\/uploads\/usu1686\/2022\/03\/Portada-1.jpg\"><img loading=\"lazy\" decoding=\"async\" class=\"alignnone size-full wp-image-2829\" src=\"https:\/\/agora.xtec.cat\/iesmiquelcrusafont\/wp-content\/uploads\/usu1686\/2022\/03\/Portada-1.jpg\" alt=\"\" width=\"650\" height=\"487\" \/><\/a><\/p>\n<p>&nbsp;<\/p>\n<p><a href=\"https:\/\/agora.xtec.cat\/iesmiquelcrusafont\/wp-content\/uploads\/usu1686\/2022\/03\/Foto-1-1.jpg\"><img loading=\"lazy\" decoding=\"async\" class=\"size-full wp-image-2827 aligncenter\" src=\"https:\/\/agora.xtec.cat\/iesmiquelcrusafont\/wp-content\/uploads\/usu1686\/2022\/03\/Foto-1-1.jpg\" alt=\"\" width=\"525\" height=\"700\" srcset=\"https:\/\/agora.xtec.cat\/iesmiquelcrusafont\/wp-content\/uploads\/usu1686\/2022\/03\/Foto-1-1.jpg 525w, https:\/\/agora.xtec.cat\/iesmiquelcrusafont\/wp-content\/uploads\/usu1686\/2022\/03\/Foto-1-1-225x300.jpg 225w\" sizes=\"auto, (max-width: 525px) 100vw, 525px\" \/><\/a><\/p>\n","protected":false},"excerpt":{"rendered":"<p>Els alumnes de segon de batxillerat cient\u00edfic van visitar la planta de metanitzaci\u00f3 de Can Barba&#8230;&hellip;  <a href=\"https:\/\/agora.xtec.cat\/iesmiquelcrusafont\/general\/practica-denergies-renovables-a-can-barba-2n-batxillerat-cientific\/\" title=\"Read PR\u00c0CTICA D&#8217;ENERGIES RENOVABLES A CAN BARBA -2n Batxillerat cient\u00edfic-\">Llegeix m\u00e9s\u00bb<\/a><\/p>\n","protected":false},"author":1,"featured_media":0,"comment_status":"open","ping_status":"closed","sticky":false,"template":"","format":"standard","meta":{"_bbp_topic_count":0,"_bbp_reply_count":0,"_bbp_total_topic_count":0,"_bbp_total_reply_count":0,"_bbp_voice_count":0,"_bbp_anonymous_reply_count":0,"_bbp_topic_count_hidden":0,"_bbp_reply_count_hidden":0,"_bbp_forum_subforum_count":0,"footnotes":""},"categories":[8,104,1,29],"tags":[],"class_list":["post-2826","post","type-post","status-publish","format-standard","hentry","category-batxillerat","category-ciencies","category-general","category-portada"],"post_mailing_queue_ids":[],"_links":{"self":[{"href":"https:\/\/agora.xtec.cat\/iesmiquelcrusafont\/wp-json\/wp\/v2\/posts\/2826","targetHints":{"allow":["GET"]}}],"collection":[{"href":"https:\/\/agora.xtec.cat\/iesmiquelcrusafont\/wp-json\/wp\/v2\/posts"}],"about":[{"href":"https:\/\/agora.xtec.cat\/iesmiquelcrusafont\/wp-json\/wp\/v2\/types\/post"}],"author":[{"embeddable":true,"href":"https:\/\/agora.xtec.cat\/iesmiquelcrusafont\/wp-json\/wp\/v2\/users\/1"}],"replies":[{"embeddable":true,"href":"https:\/\/agora.xtec.cat\/iesmiquelcrusafont\/wp-json\/wp\/v2\/comments?post=2826"}],"version-history":[{"count":1,"href":"https:\/\/agora.xtec.cat\/iesmiquelcrusafont\/wp-json\/wp\/v2\/posts\/2826\/revisions"}],"predecessor-version":[{"id":2830,"href":"https:\/\/agora.xtec.cat\/iesmiquelcrusafont\/wp-json\/wp\/v2\/posts\/2826\/revisions\/2830"}],"wp:attachment":[{"href":"https:\/\/agora.xtec.cat\/iesmiquelcrusafont\/wp-json\/wp\/v2\/media?parent=2826"}],"wp:term":[{"taxonomy":"category","embeddable":true,"href":"https:\/\/agora.xtec.cat\/iesmiquelcrusafont\/wp-json\/wp\/v2\/categories?post=2826"},{"taxonomy":"post_tag","embeddable":true,"href":"https:\/\/agora.xtec.cat\/iesmiquelcrusafont\/wp-json\/wp\/v2\/tags?post=2826"}],"curies":[{"name":"wp","href":"https:\/\/api.w.org\/{rel}","templated":true}]}}