{"id":2816,"date":"2022-03-18T20:07:16","date_gmt":"2022-03-18T19:07:16","guid":{"rendered":"https:\/\/agora.xtec.cat\/iesmiquelcrusafont\/?p=2816"},"modified":"2022-03-18T20:08:11","modified_gmt":"2022-03-18T19:08:11","slug":"visita-a-barcino-batxillerat-humanistic","status":"publish","type":"post","link":"https:\/\/agora.xtec.cat\/iesmiquelcrusafont\/general\/visita-a-barcino-batxillerat-humanistic\/","title":{"rendered":"VISITA A B\u00c0RCINO &#8211; Batxillerat Human\u00edstic &#8211;"},"content":{"rendered":"<h4 style=\"text-align: justify;\"><em><strong>Els alumnes del Batxillerat Human\u00edstic han fet una ruta per les restes arqueol\u00f2giques de la B\u00e0rcino romana: hem vist l&#8217;aq\u00fceducte, les muralles, les columnes del temple d&#8217;August, la necr\u00f2polis i el Museu d&#8217;Hist\u00f2ria de Barcelona.<\/strong><\/em><\/h4>\n<p>&nbsp;<\/p>\n<p><a href=\"https:\/\/agora.xtec.cat\/iesmiquelcrusafont\/wp-content\/uploads\/usu1686\/2022\/03\/Foto1.jpg\"><img loading=\"lazy\" decoding=\"async\" class=\"size-full wp-image-2820 alignleft\" src=\"https:\/\/agora.xtec.cat\/iesmiquelcrusafont\/wp-content\/uploads\/usu1686\/2022\/03\/Foto1.jpg\" alt=\"\" width=\"650\" height=\"487\" srcset=\"https:\/\/agora.xtec.cat\/iesmiquelcrusafont\/wp-content\/uploads\/usu1686\/2022\/03\/Foto1.jpg 650w, https:\/\/agora.xtec.cat\/iesmiquelcrusafont\/wp-content\/uploads\/usu1686\/2022\/03\/Foto1-300x225.jpg 300w, https:\/\/agora.xtec.cat\/iesmiquelcrusafont\/wp-content\/uploads\/usu1686\/2022\/03\/Foto1-200x150.jpg 200w\" sizes=\"auto, (max-width: 650px) 100vw, 650px\" \/><\/a><\/p>\n<p>&nbsp;<\/p>\n<p><a href=\"https:\/\/agora.xtec.cat\/iesmiquelcrusafont\/wp-content\/uploads\/usu1686\/2022\/03\/Foto-3-1.jpg\"><img loading=\"lazy\" decoding=\"async\" class=\"size-full wp-image-2818 alignright\" src=\"https:\/\/agora.xtec.cat\/iesmiquelcrusafont\/wp-content\/uploads\/usu1686\/2022\/03\/Foto-3-1.jpg\" alt=\"\" width=\"533\" height=\"400\" srcset=\"https:\/\/agora.xtec.cat\/iesmiquelcrusafont\/wp-content\/uploads\/usu1686\/2022\/03\/Foto-3-1.jpg 533w, https:\/\/agora.xtec.cat\/iesmiquelcrusafont\/wp-content\/uploads\/usu1686\/2022\/03\/Foto-3-1-300x225.jpg 300w, https:\/\/agora.xtec.cat\/iesmiquelcrusafont\/wp-content\/uploads\/usu1686\/2022\/03\/Foto-3-1-200x150.jpg 200w\" sizes=\"auto, (max-width: 533px) 100vw, 533px\" \/><\/a><\/p>\n","protected":false},"excerpt":{"rendered":"<p>Els alumnes del Batxillerat Human\u00edstic han fet una ruta per les restes arqueol\u00f2giques de la B\u00e0rcino romana. &hellip;  <a href=\"https:\/\/agora.xtec.cat\/iesmiquelcrusafont\/general\/visita-a-barcino-batxillerat-humanistic\/\" title=\"Read VISITA A B\u00c0RCINO &#8211; Batxillerat Human\u00edstic &#8211;\">Llegeix m\u00e9s\u00bb<\/a><\/p>\n","protected":false},"author":1,"featured_media":2820,"comment_status":"open","ping_status":"closed","sticky":false,"template":"","format":"standard","meta":{"_bbp_topic_count":0,"_bbp_reply_count":0,"_bbp_total_topic_count":0,"_bbp_total_reply_count":0,"_bbp_voice_count":0,"_bbp_anonymous_reply_count":0,"_bbp_topic_count_hidden":0,"_bbp_reply_count_hidden":0,"_bbp_forum_subforum_count":0,"footnotes":""},"categories":[8,1,119,29],"tags":[],"class_list":["post-2816","post","type-post","status-publish","format-standard","has-post-thumbnail","hentry","category-batxillerat","category-general","category-llati","category-portada"],"post_mailing_queue_ids":[],"_links":{"self":[{"href":"https:\/\/agora.xtec.cat\/iesmiquelcrusafont\/wp-json\/wp\/v2\/posts\/2816","targetHints":{"allow":["GET"]}}],"collection":[{"href":"https:\/\/agora.xtec.cat\/iesmiquelcrusafont\/wp-json\/wp\/v2\/posts"}],"about":[{"href":"https:\/\/agora.xtec.cat\/iesmiquelcrusafont\/wp-json\/wp\/v2\/types\/post"}],"author":[{"embeddable":true,"href":"https:\/\/agora.xtec.cat\/iesmiquelcrusafont\/wp-json\/wp\/v2\/users\/1"}],"replies":[{"embeddable":true,"href":"https:\/\/agora.xtec.cat\/iesmiquelcrusafont\/wp-json\/wp\/v2\/comments?post=2816"}],"version-history":[{"count":3,"href":"https:\/\/agora.xtec.cat\/iesmiquelcrusafont\/wp-json\/wp\/v2\/posts\/2816\/revisions"}],"predecessor-version":[{"id":2825,"href":"https:\/\/agora.xtec.cat\/iesmiquelcrusafont\/wp-json\/wp\/v2\/posts\/2816\/revisions\/2825"}],"wp:featuredmedia":[{"embeddable":true,"href":"https:\/\/agora.xtec.cat\/iesmiquelcrusafont\/wp-json\/wp\/v2\/media\/2820"}],"wp:attachment":[{"href":"https:\/\/agora.xtec.cat\/iesmiquelcrusafont\/wp-json\/wp\/v2\/media?parent=2816"}],"wp:term":[{"taxonomy":"category","embeddable":true,"href":"https:\/\/agora.xtec.cat\/iesmiquelcrusafont\/wp-json\/wp\/v2\/categories?post=2816"},{"taxonomy":"post_tag","embeddable":true,"href":"https:\/\/agora.xtec.cat\/iesmiquelcrusafont\/wp-json\/wp\/v2\/tags?post=2816"}],"curies":[{"name":"wp","href":"https:\/\/api.w.org\/{rel}","templated":true}]}}