{"id":2628,"date":"2021-09-01T13:51:33","date_gmt":"2021-09-01T11:51:33","guid":{"rendered":"https:\/\/agora.xtec.cat\/iesmiquelcrusafont\/?p=2628"},"modified":"2021-09-01T13:52:51","modified_gmt":"2021-09-01T11:52:51","slug":"informacio-inici-de-curs","status":"publish","type":"post","link":"https:\/\/agora.xtec.cat\/iesmiquelcrusafont\/general\/informacio-inici-de-curs\/","title":{"rendered":"INFORMACI\u00d3 INICI DE CURS 21-22."},"content":{"rendered":"<h5 style=\"text-align: justify;\"><strong>Benvolgudes fam\u00edlies,<\/strong><\/h5>\n<h5 style=\"text-align: justify;\"><strong>Us comuniquem que el curs comen\u00e7ar\u00e0 el dilluns 13 de setembre. L\u2019horari de les presentacions d\u2019inici de curs\u00a0 ser\u00e0\u00a0 el\u00a0 seg\u00fcent: \u00a0<\/strong><\/h5>\n<p>&nbsp;<\/p>\n<h5><span style=\"font-weight: 400;\"><a href=\"https:\/\/agora.xtec.cat\/iesmiquelcrusafont\/wp-content\/uploads\/usu1686\/2021\/09\/Presentacions.jpg\"><img loading=\"lazy\" decoding=\"async\" class=\"size-full wp-image-2631 aligncenter\" src=\"https:\/\/agora.xtec.cat\/iesmiquelcrusafont\/wp-content\/uploads\/usu1686\/2021\/09\/Presentacions.jpg\" alt=\"\" width=\"683\" height=\"324\" \/><\/a>.\u00a0<\/span><\/h5>\n<h5 style=\"text-align: justify;\"><strong>Recordeu que cal portar bol\u00edgraf, a m\u00e9s l&#8217;alumnat de 1r ESO haur\u00e0 de portar tamb\u00e9 esmorzar, ampolla d\u2019aigua i llibreta. Est\u00e0 previst que acabin entre les 12 i 12.30h.<\/strong><\/h5>\n<p>&nbsp;<\/p>\n<h5 style=\"text-align: justify;\"><strong>Atentament\u00a0<\/strong><\/h5>\n<h5 style=\"text-align: justify;\"><strong>La Direcci\u00f3.\u00a0<\/strong><\/h5>\n<h5 style=\"text-align: justify;\"><\/h5>\n<p>&nbsp;<\/p>\n","protected":false},"excerpt":{"rendered":"<p>Benvolgudes fam\u00edlies,<br \/>\nUs comuniquem que el curs comen\u00e7ar\u00e0 el dilluns 13 de setembre. L\u2019horari de les presentacions d\u2019inici de curs\u00a0 ser\u00e0\u00a0 el\u00a0 seg\u00fcent: \u00a0&hellip;  <a href=\"https:\/\/agora.xtec.cat\/iesmiquelcrusafont\/general\/informacio-inici-de-curs\/\" title=\"Read INFORMACI\u00d3 INICI DE CURS 21-22.\">Llegeix m\u00e9s\u00bb<\/a><\/p>\n","protected":false},"author":1,"featured_media":2629,"comment_status":"open","ping_status":"closed","sticky":false,"template":"","format":"standard","meta":{"_bbp_topic_count":0,"_bbp_reply_count":0,"_bbp_total_topic_count":0,"_bbp_total_reply_count":0,"_bbp_voice_count":0,"_bbp_anonymous_reply_count":0,"_bbp_topic_count_hidden":0,"_bbp_reply_count_hidden":0,"_bbp_forum_subforum_count":0,"footnotes":""},"categories":[8,3,1,29],"tags":[],"class_list":["post-2628","post","type-post","status-publish","format-standard","has-post-thumbnail","hentry","category-batxillerat","category-eso","category-general","category-portada"],"post_mailing_queue_ids":[],"_links":{"self":[{"href":"https:\/\/agora.xtec.cat\/iesmiquelcrusafont\/wp-json\/wp\/v2\/posts\/2628","targetHints":{"allow":["GET"]}}],"collection":[{"href":"https:\/\/agora.xtec.cat\/iesmiquelcrusafont\/wp-json\/wp\/v2\/posts"}],"about":[{"href":"https:\/\/agora.xtec.cat\/iesmiquelcrusafont\/wp-json\/wp\/v2\/types\/post"}],"author":[{"embeddable":true,"href":"https:\/\/agora.xtec.cat\/iesmiquelcrusafont\/wp-json\/wp\/v2\/users\/1"}],"replies":[{"embeddable":true,"href":"https:\/\/agora.xtec.cat\/iesmiquelcrusafont\/wp-json\/wp\/v2\/comments?post=2628"}],"version-history":[{"count":3,"href":"https:\/\/agora.xtec.cat\/iesmiquelcrusafont\/wp-json\/wp\/v2\/posts\/2628\/revisions"}],"predecessor-version":[{"id":2638,"href":"https:\/\/agora.xtec.cat\/iesmiquelcrusafont\/wp-json\/wp\/v2\/posts\/2628\/revisions\/2638"}],"wp:featuredmedia":[{"embeddable":true,"href":"https:\/\/agora.xtec.cat\/iesmiquelcrusafont\/wp-json\/wp\/v2\/media\/2629"}],"wp:attachment":[{"href":"https:\/\/agora.xtec.cat\/iesmiquelcrusafont\/wp-json\/wp\/v2\/media?parent=2628"}],"wp:term":[{"taxonomy":"category","embeddable":true,"href":"https:\/\/agora.xtec.cat\/iesmiquelcrusafont\/wp-json\/wp\/v2\/categories?post=2628"},{"taxonomy":"post_tag","embeddable":true,"href":"https:\/\/agora.xtec.cat\/iesmiquelcrusafont\/wp-json\/wp\/v2\/tags?post=2628"}],"curies":[{"name":"wp","href":"https:\/\/api.w.org\/{rel}","templated":true}]}}