{"id":2597,"date":"2022-07-05T12:32:17","date_gmt":"2022-07-05T10:32:17","guid":{"rendered":"http:\/\/agora.xtec.cat\/iesmiquelcrusafont\/?p=2597"},"modified":"2022-10-22T12:33:38","modified_gmt":"2022-10-22T10:33:38","slug":"llibres-i-material-curs-21-22","status":"publish","type":"post","link":"https:\/\/agora.xtec.cat\/iesmiquelcrusafont\/general\/llibres-i-material-curs-21-22\/","title":{"rendered":"INFORMACIONS GENERALS INICI DE CURS 22-23"},"content":{"rendered":"<h4 style=\"text-align: justify;\"><span style=\"color: #000000;\"><strong>Benvolgudes fam\u00edlies.<\/strong><\/span><\/h4>\n<h4 style=\"text-align: justify;\"><span style=\"color: #000000;\"><strong>Us informem que ja podeu consultar el llistat de llibres de text i material escolar per al curs vinent.\u00a0<\/strong><\/span><\/h4>\n<table style=\"width: 76.1291%; height: 311px;\">\n<tbody>\n<tr style=\"height: 49px;\">\n<td style=\"width: 25.3219%; height: 49px; text-align: justify;\">\n<h6><span style=\"color: #000000;\"><strong>CURS ESCOLAR<\/strong><\/span><\/h6>\n<\/td>\n<td style=\"width: 29.5926%; height: 49px; text-align: left;\">\n<h6><span style=\"color: #000000;\"><strong>LLIBRES DE TEXT<\/strong><\/span><\/h6>\n<\/td>\n<td style=\"width: 80.8744%; height: 49px; text-align: left;\">\n<h6><span style=\"color: #000000;\"><strong>MATERIAL<\/strong> <\/span><\/h6>\n<\/td>\n<\/tr>\n<tr style=\"height: 49px;\">\n<td style=\"width: 25.3219%; height: 49px; text-align: justify;\">\n<h6><span style=\"color: #000000;\"><strong>1r ESO<\/strong><\/span><\/h6>\n<\/td>\n<td style=\"width: 29.5926%; height: 49px; text-align: left;\">\n<h6><strong><a href=\"https:\/\/agora.xtec.cat\/iesmiquelcrusafont\/wp-content\/uploads\/usu1686\/2021\/07\/LLIBRES-1r-ESO-1.pdf\" target=\"_blank\" rel=\"noopener\">LLIBRES 1r ESO<\/a><\/strong><\/h6>\n<\/td>\n<td style=\"width: 80.8744%; height: 49px; text-align: left;\">\n<h6><strong><a href=\"https:\/\/agora.xtec.cat\/iesmiquelcrusafont\/wp-content\/uploads\/usu1686\/2021\/07\/1r-ESO-Carta-material-escolar-22-23.pdf\" target=\"_blank\" rel=\"noopener\">1r ESO Carta material escolar 22-23<\/a><\/strong><\/h6>\n<\/td>\n<\/tr>\n<tr style=\"height: 49px;\">\n<td style=\"width: 25.3219%; height: 49px; text-align: justify;\">\n<h6><span style=\"color: #000000;\"><strong>2n ESO<\/strong><\/span><\/h6>\n<\/td>\n<td style=\"width: 29.5926%; height: 49px; text-align: left;\">\n<h6><strong><a href=\"https:\/\/agora.xtec.cat\/iesmiquelcrusafont\/wp-content\/uploads\/usu1686\/2021\/07\/LLIBRES-2n-ESO-1.pdf\" target=\"_blank\" rel=\"noopener\">LLIBRES 2n ESO<\/a><\/strong><\/h6>\n<\/td>\n<td style=\"width: 80.8744%; height: 49px; text-align: left;\">\n<h6><strong><a href=\"https:\/\/agora.xtec.cat\/iesmiquelcrusafont\/wp-content\/uploads\/usu1686\/2021\/07\/2n-ESO-Carta-material-escolar-22-23.pdf\" target=\"_blank\" rel=\"noopener\">2n ESO Carta material escolar 22-23<\/a><\/strong><\/h6>\n<\/td>\n<\/tr>\n<tr style=\"height: 49px;\">\n<td style=\"width: 25.3219%; height: 49px; text-align: justify;\">\n<h6><span style=\"color: #000000;\"><strong>3r ESO<\/strong><\/span><\/h6>\n<\/td>\n<td style=\"width: 29.5926%; height: 49px; text-align: left;\">\n<h6><strong><a href=\"https:\/\/agora.xtec.cat\/iesmiquelcrusafont\/wp-content\/uploads\/usu1686\/2021\/07\/LLIBRES-3r-ESO-1.pdf\" target=\"_blank\" rel=\"noopener\">LLIBRES 3r ESO<\/a><\/strong><\/h6>\n<\/td>\n<td style=\"width: 80.8744%; height: 49px; text-align: left;\">\n<h6><strong><a href=\"https:\/\/agora.xtec.cat\/iesmiquelcrusafont\/wp-content\/uploads\/usu1686\/2021\/07\/3r-ESO-Carta-material-escolar-22-23.pdf\" target=\"_blank\" rel=\"noopener\">3r ESO Carta material escolar 22-23<\/a><\/strong><\/h6>\n<\/td>\n<\/tr>\n<tr style=\"height: 49px;\">\n<td style=\"width: 25.3219%; height: 49px; text-align: justify;\">\n<h6><span style=\"color: #000000;\"><strong>4t ESO<\/strong><\/span><\/h6>\n<\/td>\n<td style=\"width: 29.5926%; height: 49px; text-align: left;\">\n<h6><strong><a href=\"https:\/\/agora.xtec.cat\/iesmiquelcrusafont\/wp-content\/uploads\/usu1686\/2021\/07\/LLIBRES-4tESO-1.pdf\" target=\"_blank\" rel=\"noopener\">LLIBRES 4t ESO<\/a><\/strong><\/h6>\n<\/td>\n<td style=\"width: 80.8744%; height: 49px; text-align: left;\">\n<h6><strong><a href=\"https:\/\/agora.xtec.cat\/iesmiquelcrusafont\/wp-content\/uploads\/usu1686\/2021\/07\/4t-dESO-Material-escolar-curs-22-23-1.pdf\">4t ESO Carta material escolar 22-23<\/a><\/strong><\/h6>\n<\/td>\n<\/tr>\n<tr style=\"height: 33px;\">\n<td style=\"width: 25.3219%; height: 33px; text-align: justify;\">\n<h6><span style=\"color: #000000;\"><strong>1r Batxillerat<\/strong><\/span><\/h6>\n<\/td>\n<td style=\"width: 29.5926%; height: 33px; text-align: left;\">\n<h6><strong><a href=\"https:\/\/agora.xtec.cat\/iesmiquelcrusafont\/wp-content\/uploads\/usu1686\/2021\/07\/LLIBRES-1r-batxillerat.pdf\" target=\"_blank\" rel=\"noopener\">LLIBRES 1r batxillerat<\/a><\/strong><\/h6>\n<\/td>\n<td style=\"width: 80.8744%; height: 33px; text-align: left;\">\n<h6><strong><a href=\"https:\/\/agora.xtec.cat\/iesmiquelcrusafont\/wp-content\/uploads\/usu1686\/2021\/07\/1r-batx-carta-material-escolar-22-23.pdf\" target=\"_blank\" rel=\"noopener\">1r batxillerat Carta material escolar 22-23<\/a><\/strong><\/h6>\n<\/td>\n<\/tr>\n<tr style=\"height: 33px;\">\n<td style=\"width: 25.3219%; height: 33px; text-align: justify;\">\n<h6><span style=\"color: #000000;\"><strong>2n Batxillerat<\/strong><\/span><\/h6>\n<\/td>\n<td style=\"width: 29.5926%; height: 33px; text-align: left;\">\n<h6><strong><a href=\"https:\/\/agora.xtec.cat\/iesmiquelcrusafont\/wp-content\/uploads\/usu1686\/2021\/07\/LLIBRES-2nbatxillerat.pdf\" target=\"_blank\" rel=\"noopener\">LLIBRES 2n batxillerat<\/a><\/strong><\/h6>\n<\/td>\n<td style=\"width: 80.8744%; height: 33px; text-align: left;\">\n<h6><strong><a href=\"https:\/\/agora.xtec.cat\/iesmiquelcrusafont\/wp-content\/uploads\/usu1686\/2021\/07\/2n-batx-Carta-material-escolar-22-23.pdf\" target=\"_blank\" rel=\"noopener\">2n batxillerat Carta material escolar 22-23<\/a><\/strong><\/h6>\n<\/td>\n<\/tr>\n<\/tbody>\n<\/table>\n<h5><\/h5>\n<h4><span style=\"color: #000000;\"><strong>El curs comen\u00e7ar\u00e0 el <span style=\"text-decoration: underline;\">7 de setembre<\/span>. L&#8217;horari de les presentacions d&#8217;inici de curs ser\u00e0 el seg\u00fcent:\u00a0<\/strong><\/span><\/h4>\n<ul>\n<li>\n<h5><span style=\"text-decoration: underline;\">1r ESO<\/span> a les 09h, a l&#8217;aula A2 fins les 12-12:30 aproximadament.<\/h5>\n<\/li>\n<li>\n<h5><span style=\"text-decoration: underline;\">2n ESO<\/span> a les 10h, a l&#8217;aula A2<\/h5>\n<\/li>\n<li>\n<h5><span style=\"text-decoration: underline;\">3r ESO<\/span> a les 11h, a l&#8217;aula A2<\/h5>\n<\/li>\n<li>\n<h5><span style=\"text-decoration: underline;\">4t ESO<\/span> a les 12h, a l&#8217;aula A2<\/h5>\n<\/li>\n<li>\n<h5><span style=\"text-decoration: underline;\">1r i 2n de batxillerat<\/span> a les 13h a l&#8217;aula A2<\/h5>\n<\/li>\n<\/ul>\n<h5><span style=\"color: #000000;\"><strong>El punt de concentraci\u00f3 ser\u00e0 <span style=\"text-decoration: underline;\">l&#8217;acc\u00e9s 3<\/span>. Cal portar bol\u00edgraf. L&#8217;alumnat de 1r ESO haur\u00e0 de portar tamb\u00e9 esmorzar i llibreta<\/strong>.<\/span><\/h5>\n","protected":false},"excerpt":{"rendered":"<p>Consulteu els llibre i material per al curs vinent., aix\u00ed com l&#8217;horari del primer dia. &hellip;  <a href=\"https:\/\/agora.xtec.cat\/iesmiquelcrusafont\/general\/llibres-i-material-curs-21-22\/\" title=\"Read INFORMACIONS GENERALS INICI DE CURS 22-23\">Llegeix m\u00e9s\u00bb<\/a><\/p>\n","protected":false},"author":1,"featured_media":3085,"comment_status":"open","ping_status":"closed","sticky":false,"template":"","format":"standard","meta":{"_bbp_topic_count":0,"_bbp_reply_count":0,"_bbp_total_topic_count":0,"_bbp_total_reply_count":0,"_bbp_voice_count":0,"_bbp_anonymous_reply_count":0,"_bbp_topic_count_hidden":0,"_bbp_reply_count_hidden":0,"_bbp_forum_subforum_count":0,"footnotes":""},"categories":[8,3,1,29],"tags":[],"class_list":["post-2597","post","type-post","status-publish","format-standard","has-post-thumbnail","hentry","category-batxillerat","category-eso","category-general","category-portada"],"post_mailing_queue_ids":[],"_links":{"self":[{"href":"https:\/\/agora.xtec.cat\/iesmiquelcrusafont\/wp-json\/wp\/v2\/posts\/2597","targetHints":{"allow":["GET"]}}],"collection":[{"href":"https:\/\/agora.xtec.cat\/iesmiquelcrusafont\/wp-json\/wp\/v2\/posts"}],"about":[{"href":"https:\/\/agora.xtec.cat\/iesmiquelcrusafont\/wp-json\/wp\/v2\/types\/post"}],"author":[{"embeddable":true,"href":"https:\/\/agora.xtec.cat\/iesmiquelcrusafont\/wp-json\/wp\/v2\/users\/1"}],"replies":[{"embeddable":true,"href":"https:\/\/agora.xtec.cat\/iesmiquelcrusafont\/wp-json\/wp\/v2\/comments?post=2597"}],"version-history":[{"count":3,"href":"https:\/\/agora.xtec.cat\/iesmiquelcrusafont\/wp-json\/wp\/v2\/posts\/2597\/revisions"}],"predecessor-version":[{"id":3104,"href":"https:\/\/agora.xtec.cat\/iesmiquelcrusafont\/wp-json\/wp\/v2\/posts\/2597\/revisions\/3104"}],"wp:featuredmedia":[{"embeddable":true,"href":"https:\/\/agora.xtec.cat\/iesmiquelcrusafont\/wp-json\/wp\/v2\/media\/3085"}],"wp:attachment":[{"href":"https:\/\/agora.xtec.cat\/iesmiquelcrusafont\/wp-json\/wp\/v2\/media?parent=2597"}],"wp:term":[{"taxonomy":"category","embeddable":true,"href":"https:\/\/agora.xtec.cat\/iesmiquelcrusafont\/wp-json\/wp\/v2\/categories?post=2597"},{"taxonomy":"post_tag","embeddable":true,"href":"https:\/\/agora.xtec.cat\/iesmiquelcrusafont\/wp-json\/wp\/v2\/tags?post=2597"}],"curies":[{"name":"wp","href":"https:\/\/api.w.org\/{rel}","templated":true}]}}