{"id":2526,"date":"2021-06-10T20:18:50","date_gmt":"2021-06-10T18:18:50","guid":{"rendered":"http:\/\/agora.xtec.cat\/iesmiquelcrusafont\/?p=2526"},"modified":"2021-06-10T20:18:50","modified_gmt":"2021-06-10T18:18:50","slug":"proves-extraordinaries-deso-i-batxillerat","status":"publish","type":"post","link":"https:\/\/agora.xtec.cat\/iesmiquelcrusafont\/general\/proves-extraordinaries-deso-i-batxillerat\/","title":{"rendered":"PROVES EXTRAORDIN\u00c0RIES D&#8217;ESO I BATXILLERAT"},"content":{"rendered":"<h5><strong>L&#8217;alumnat que hagi de recuperar alguna mat\u00e8ria ha de:<\/strong><\/h5>\n<ul>\n<li><strong>Mirar dia i hora que es fa la prova extraordin\u00e0ria<\/strong><\/li>\n<li><strong>Es demana puntualitat. No es deixar\u00e0 entrar cap alumne despr\u00e9s de l&#8217;hora d&#8217;inici de la recuperaci\u00f3<\/strong><\/li>\n<li><strong>Els ex\u00e0mens a l&#8217;aula de classe, a no ser que a l&#8217;horari posi una altra aula.\u00a0<\/strong><\/li>\n<li><\/li>\n<\/ul>\n<table style=\"height: 516px; width: 581px;\" width=\"607\">\n<tbody>\n<tr style=\"height: 111px;\">\n<td style=\"width: 190px; height: 111px;\"><strong>1r ESO<\/strong><\/td>\n<td style=\"width: 391px; height: 111px;\">\n<ul>\n<li><strong>1A:\u00a0 <a href=\"https:\/\/agora.xtec.cat\/iesmiquelcrusafont\/wp-content\/uploads\/usu1686\/2021\/06\/1r-ESO-horari-proves-extraordin\u00e0ries-1A.pdf\" target=\"_blank\" rel=\"noopener noreferrer\">Horari proves extraordin\u00e0ries 1A<\/a><\/strong><\/li>\n<li><strong>1B: <a href=\"https:\/\/agora.xtec.cat\/iesmiquelcrusafont\/wp-content\/uploads\/usu1686\/2021\/06\/1r-ESO-horari-proves-extraordin\u00e0ries-1B.pdf\" target=\"_blank\" rel=\"noopener noreferrer\">\u00a0Horari proves extraordin\u00e0ries 1B<\/a><\/strong><\/li>\n<li><strong>1C:\u00a0 <a href=\"https:\/\/agora.xtec.cat\/iesmiquelcrusafont\/wp-content\/uploads\/usu1686\/2021\/06\/1r-ESO-horari-proves-extraordin\u00e0ries-1C.pdf\" target=\"_blank\" rel=\"noopener noreferrer\">Horari proves extraordin\u00e0ries 1C<\/a><\/strong><\/li>\n<li><strong>1D:\u00a0 <a href=\"https:\/\/agora.xtec.cat\/iesmiquelcrusafont\/wp-content\/uploads\/usu1686\/2021\/06\/1r-ESO-horari-proves-extraordin\u00e0ries-1D.pdf\" target=\"_blank\" rel=\"noopener noreferrer\">Horari proves extraordin\u00e0ries 1D<\/a><\/strong><\/li>\n<li><strong>1E:\u00a0 <a href=\"https:\/\/agora.xtec.cat\/iesmiquelcrusafont\/wp-content\/uploads\/usu1686\/2021\/06\/1r-ESO-horari-proves-extraordin\u00e0ries-1E.pdf\" target=\"_blank\" rel=\"noopener noreferrer\">Horari proves extraordin\u00e0ries 1E<\/a><\/strong><\/li>\n<li><strong>1F:\u00a0 <a href=\"https:\/\/agora.xtec.cat\/iesmiquelcrusafont\/wp-content\/uploads\/usu1686\/2021\/06\/1r-ESO-horari-proves-extraordin\u00e0ries-1F.pdf\">Horari proves extraordin\u00e0ries 1F<\/a><\/strong><\/li>\n<\/ul>\n<\/td>\n<\/tr>\n<tr style=\"height: 111px;\">\n<td style=\"width: 190px; height: 111px;\"><strong>2n ESO<\/strong><\/td>\n<td style=\"width: 391px; height: 111px;\">\n<ul>\n<li><strong>2A:\u00a0 <a href=\"https:\/\/agora.xtec.cat\/iesmiquelcrusafont\/wp-content\/uploads\/usu1686\/2021\/06\/2n-ESO-horari-proves-extraordin\u00e0ries-2A.pdf\" target=\"_blank\" rel=\"noopener noreferrer\">Horari proves extraordin\u00e0ries 2A<\/a><\/strong><\/li>\n<li><strong>2B:\u00a0 <a href=\"https:\/\/agora.xtec.cat\/iesmiquelcrusafont\/wp-content\/uploads\/usu1686\/2021\/06\/2n-ESO-horari-proves-extraordin\u00e0ries-2B.pdf\" target=\"_blank\" rel=\"noopener noreferrer\">Horari proves extraordin\u00e0ries 2B<\/a><\/strong><\/li>\n<li><strong>2C:\u00a0 <a href=\"https:\/\/agora.xtec.cat\/iesmiquelcrusafont\/wp-content\/uploads\/usu1686\/2021\/06\/2n-ESO-horari-proves-extraordin\u00e0ries-2C.pdf\" target=\"_blank\" rel=\"noopener noreferrer\">Horari proves extraordin\u00e0ries 2C<\/a><\/strong><\/li>\n<li><strong>2D:\u00a0 <a href=\"https:\/\/agora.xtec.cat\/iesmiquelcrusafont\/wp-content\/uploads\/usu1686\/2021\/06\/2n-ESO-horari-proves-extraordin\u00e0ries-2D.pdf\" target=\"_blank\" rel=\"noopener noreferrer\">Horari proves extraordin\u00e0ries 2D<\/a><\/strong><\/li>\n<\/ul>\n<\/td>\n<\/tr>\n<tr style=\"height: 111px;\">\n<td style=\"width: 190px; height: 111px;\"><strong>3r ESO<\/strong><\/td>\n<td style=\"width: 391px; height: 111px;\">\n<ul>\n<li><strong>3A:\u00a0 <a href=\"https:\/\/agora.xtec.cat\/iesmiquelcrusafont\/wp-content\/uploads\/usu1686\/2021\/06\/3r-ESO-horari-proves-extraordin\u00e0ries-3A.pdf\" target=\"_blank\" rel=\"noopener noreferrer\">Horari proves extraordin\u00e0ries 3A<\/a><\/strong><\/li>\n<li><strong>3B:\u00a0\u00a0 <a href=\"https:\/\/agora.xtec.cat\/iesmiquelcrusafont\/wp-content\/uploads\/usu1686\/2021\/06\/3r-ESO-horari-proves-extraordin\u00e0ries-3B.pdf\" target=\"_blank\" rel=\"noopener noreferrer\">Horari proves extraordin\u00e0ries 3B<\/a><\/strong><\/li>\n<li><strong>1C:\u00a0 <a href=\"https:\/\/agora.xtec.cat\/iesmiquelcrusafont\/wp-content\/uploads\/usu1686\/2021\/06\/3r-ESO-horari-proves-extraordin\u00e0ries-3C.pdf\" target=\"_blank\" rel=\"noopener noreferrer\">Horari proves extraordin\u00e0ries 3C<\/a><\/strong><\/li>\n<li><strong>1D:\u00a0 <a href=\"https:\/\/agora.xtec.cat\/iesmiquelcrusafont\/wp-content\/uploads\/usu1686\/2021\/06\/3r-ESO-horari-proves-extraordin\u00e0ries-3D.pdf\" target=\"_blank\" rel=\"noopener noreferrer\">Horari proves extraordin\u00e0ries 3D<\/a><\/strong><\/li>\n<\/ul>\n<\/td>\n<\/tr>\n<tr style=\"height: 111px;\">\n<td style=\"width: 190px; height: 111px;\"><strong>4t ESO<\/strong><\/td>\n<td style=\"width: 391px; height: 111px;\">\n<ul>\n<li><strong>4A:\u00a0 <a href=\"https:\/\/agora.xtec.cat\/iesmiquelcrusafont\/wp-content\/uploads\/usu1686\/2021\/06\/4t-ESO-horari-proves-extraordin\u00e0ries-4A.pdf\" target=\"_blank\" rel=\"noopener noreferrer\">Horari proves extraordin\u00e0ries 4A<\/a><\/strong><\/li>\n<li><strong>4B:\u00a0\u00a0 <a href=\"https:\/\/agora.xtec.cat\/iesmiquelcrusafont\/wp-content\/uploads\/usu1686\/2021\/06\/4t-ESO-horari-proves-extraordin\u00e0ries-4b.pdf\" target=\"_blank\" rel=\"noopener noreferrer\">Horari proves extraordin\u00e0ries 4B<\/a><\/strong><\/li>\n<li><strong>4C:\u00a0 <a href=\"https:\/\/agora.xtec.cat\/iesmiquelcrusafont\/wp-content\/uploads\/usu1686\/2021\/06\/4t-ESO-horari-proves-extraordin\u00e0ries-4C.pdf\" target=\"_blank\" rel=\"noopener noreferrer\">Horari proves extraordin\u00e0ries 4C<\/a><\/strong><\/li>\n<li><strong>4D:\u00a0 <a href=\"https:\/\/agora.xtec.cat\/iesmiquelcrusafont\/wp-content\/uploads\/usu1686\/2021\/06\/4t-ESO-horari-proves-extraordin\u00e0ries-4D.pdf\" target=\"_blank\" rel=\"noopener noreferrer\">Horari proves extraordin\u00e0ries 4D<\/a><\/strong><\/li>\n<li><strong>4E:\u00a0 <a href=\"https:\/\/agora.xtec.cat\/iesmiquelcrusafont\/wp-content\/uploads\/usu1686\/2021\/06\/4t-ESO-horari-proves-extraordin\u00e0ries-4E.pdf\" target=\"_blank\" rel=\"noopener noreferrer\">Horari proves extraordin\u00e0ries 4E<\/a><\/strong><\/li>\n<\/ul>\n<\/td>\n<\/tr>\n<tr style=\"height: 111px;\">\n<td style=\"width: 190px; height: 111px;\"><strong>1r Batxillerat<\/strong><\/td>\n<td style=\"width: 391px; height: 111px;\">\n<ul>\n<li><strong> <a href=\"https:\/\/agora.xtec.cat\/iesmiquelcrusafont\/wp-content\/uploads\/usu1686\/2021\/06\/RECUP-ex-1r-batx-3av.pdf\" target=\"_blank\" rel=\"noopener noreferrer\">Horari 3ra avaluaci\u00f31r btax<\/a><\/strong><\/li>\n<\/ul>\n<\/td>\n<\/tr>\n<tr style=\"height: 111px;\">\n<td style=\"width: 190px; height: 111px;\"><strong>1r ESO<\/strong><\/td>\n<td style=\"width: 391px; height: 111px;\">\n<ul>\n<li><strong><a href=\"https:\/\/agora.xtec.cat\/iesmiquelcrusafont\/wp-content\/uploads\/usu1686\/2021\/06\/proves-extraordin\u00e0ries-2n-batx.pdf\" target=\"_blank\" rel=\"noopener noreferrer\">Proves extraordin\u00e0ries 2n batx<\/a><\/strong><\/li>\n<\/ul>\n<\/td>\n<\/tr>\n<\/tbody>\n<\/table>\n<p>&nbsp;<\/p>\n","protected":false},"excerpt":{"rendered":"<p>L&#8217;alumnat que hagi de recuperar alguna mat\u00e8ria ha de:&hellip;  <a href=\"https:\/\/agora.xtec.cat\/iesmiquelcrusafont\/general\/proves-extraordinaries-deso-i-batxillerat\/\" title=\"Read PROVES EXTRAORDIN\u00c0RIES D&#8217;ESO I BATXILLERAT\">Llegeix m\u00e9s\u00bb<\/a><\/p>\n","protected":false},"author":1,"featured_media":2527,"comment_status":"open","ping_status":"closed","sticky":false,"template":"","format":"standard","meta":{"_bbp_topic_count":0,"_bbp_reply_count":0,"_bbp_total_topic_count":0,"_bbp_total_reply_count":0,"_bbp_voice_count":0,"_bbp_anonymous_reply_count":0,"_bbp_topic_count_hidden":0,"_bbp_reply_count_hidden":0,"_bbp_forum_subforum_count":0,"footnotes":""},"categories":[8,3,1,29],"tags":[],"class_list":["post-2526","post","type-post","status-publish","format-standard","has-post-thumbnail","hentry","category-batxillerat","category-eso","category-general","category-portada"],"post_mailing_queue_ids":[],"_links":{"self":[{"href":"https:\/\/agora.xtec.cat\/iesmiquelcrusafont\/wp-json\/wp\/v2\/posts\/2526","targetHints":{"allow":["GET"]}}],"collection":[{"href":"https:\/\/agora.xtec.cat\/iesmiquelcrusafont\/wp-json\/wp\/v2\/posts"}],"about":[{"href":"https:\/\/agora.xtec.cat\/iesmiquelcrusafont\/wp-json\/wp\/v2\/types\/post"}],"author":[{"embeddable":true,"href":"https:\/\/agora.xtec.cat\/iesmiquelcrusafont\/wp-json\/wp\/v2\/users\/1"}],"replies":[{"embeddable":true,"href":"https:\/\/agora.xtec.cat\/iesmiquelcrusafont\/wp-json\/wp\/v2\/comments?post=2526"}],"version-history":[{"count":3,"href":"https:\/\/agora.xtec.cat\/iesmiquelcrusafont\/wp-json\/wp\/v2\/posts\/2526\/revisions"}],"predecessor-version":[{"id":2551,"href":"https:\/\/agora.xtec.cat\/iesmiquelcrusafont\/wp-json\/wp\/v2\/posts\/2526\/revisions\/2551"}],"wp:featuredmedia":[{"embeddable":true,"href":"https:\/\/agora.xtec.cat\/iesmiquelcrusafont\/wp-json\/wp\/v2\/media\/2527"}],"wp:attachment":[{"href":"https:\/\/agora.xtec.cat\/iesmiquelcrusafont\/wp-json\/wp\/v2\/media?parent=2526"}],"wp:term":[{"taxonomy":"category","embeddable":true,"href":"https:\/\/agora.xtec.cat\/iesmiquelcrusafont\/wp-json\/wp\/v2\/categories?post=2526"},{"taxonomy":"post_tag","embeddable":true,"href":"https:\/\/agora.xtec.cat\/iesmiquelcrusafont\/wp-json\/wp\/v2\/tags?post=2526"}],"curies":[{"name":"wp","href":"https:\/\/api.w.org\/{rel}","templated":true}]}}