{"id":2491,"date":"2021-05-04T20:02:21","date_gmt":"2021-05-04T18:02:21","guid":{"rendered":"http:\/\/agora.xtec.cat\/iesmiquelcrusafont\/?p=2491"},"modified":"2021-05-04T20:04:09","modified_gmt":"2021-05-04T18:04:09","slug":"preinscripcio-batxillerat","status":"publish","type":"post","link":"https:\/\/agora.xtec.cat\/iesmiquelcrusafont\/general\/preinscripcio-batxillerat\/","title":{"rendered":"PREINSCRIPCI\u00d3 BATXILLERAT"},"content":{"rendered":"<div><\/div>\n<div><\/div>\n<div class=\"gmail_default\"><strong><span style=\"text-decoration: underline;\"><span style=\"font-size: xx-large;\">PREINSCRIPCI\u00d3 BATXILLERAT<\/span><\/span><\/strong><\/div>\n<div><\/div>\n<div><\/div>\n<div class=\"gmail_default\"><\/div>\n<div><a href=\"https:\/\/agora.xtec.cat\/iesmiquelcrusafont\/wp-content\/uploads\/usu1686\/2021\/05\/Sense-t\u00edtol.jpg\"><img loading=\"lazy\" decoding=\"async\" class=\"alignnone size-full wp-image-2495\" src=\"https:\/\/agora.xtec.cat\/iesmiquelcrusafont\/wp-content\/uploads\/usu1686\/2021\/05\/Sense-t\u00edtol.jpg\" alt=\"\" width=\"791\" height=\"36\" srcset=\"https:\/\/agora.xtec.cat\/iesmiquelcrusafont\/wp-content\/uploads\/usu1686\/2021\/05\/Sense-t\u00edtol.jpg 791w, https:\/\/agora.xtec.cat\/iesmiquelcrusafont\/wp-content\/uploads\/usu1686\/2021\/05\/Sense-t\u00edtol-300x14.jpg 300w, https:\/\/agora.xtec.cat\/iesmiquelcrusafont\/wp-content\/uploads\/usu1686\/2021\/05\/Sense-t\u00edtol-768x35.jpg 768w\" sizes=\"auto, (max-width: 791px) 100vw, 791px\" \/><\/a><\/div>\n<div>\n<div>\n<h2>CALENDARI<\/h2>\n<\/div>\n<div>\n<ul>\n<li>Termini per presentar la sol\u00b7licitud:\u00a0<strong>de l\u201911 al 17 de maig<\/strong><\/li>\n<\/ul>\n<p><strong>+ informaci\u00f3<\/strong><\/p>\n<p>Per a qualsevol consulta o aclariment sobre el proc\u00e9s de preinscripci\u00f3 i\/o matr\u00edcula podeu consultar la p\u00e0gina web del Departament d\u2019Ensenyament de la Generalitat de Catalunya:\u00a0https:<span class=\"gmail_default\">\u00a0<a href=\"https:\/\/preinscripcio.gencat.cat\/ca\/estudis\/batxillerat\/inici\/\" target=\"_blank\" rel=\"noopener noreferrer\" data-saferedirecturl=\"https:\/\/www.google.com\/url?q=https:\/\/preinscripcio.gencat.cat\/ca\/estudis\/batxillerat\/inici\/&amp;source=gmail&amp;ust=1620236731487000&amp;usg=AFQjCNG-7X7C8DunUuBSCkjFpGlrb3TQ9w\">https:\/\/<wbr \/>preinscripcio.gencat.cat\/ca\/<wbr \/>estudis\/batxillerat\/inici\/<\/a>\u00a0 O\u00a0\u00a0<\/span>\/\/<a href=\"http:\/\/web.gencat.cat\/ca\/tramits\/tramits-temes\/9388-batxillerat\" target=\"_blank\" rel=\"noopener noreferrer\" data-saferedirecturl=\"https:\/\/www.google.com\/url?q=http:\/\/web.gencat.cat\/ca\/tramits\/tramits-temes\/9388-batxillerat&amp;source=gmail&amp;ust=1620236731487000&amp;usg=AFQjCNE2Ve0x-pcCcH8pogdqHL_gjsJ5CQ\">web.gencat.cat\/ca\/<wbr \/>tramits\/tramits-temes\/9388-<wbr \/>batxillerat<\/a><\/p>\n<\/div>\n<\/div>\n<div>\n<div>\n<h2>MATR\u00cdCULA<\/h2>\n<\/div>\n<div>\n<ul>\n<li>Matr\u00edcula ordin\u00e0ria dels alumnes preinscrits amb pla\u00e7a assignada:\u00a0<strong>del 12 al 16 de juliol<\/strong><\/li>\n<li>Matr\u00edcula extraordin\u00e0ria dels alumnes pendents de l\u2019avaluaci\u00f3 de setembre:\u00a0<strong>del 7 al 10 de setembre<\/strong><\/li>\n<\/ul>\n<div><span style=\"text-decoration: underline;\"><span style=\"color: #418216;\"><b>PER A M\u00c9S INFORMACI\u00d3 SOBRE EL BATXILLERAT AL NOSTRE CENTRE TRUQUEU AL 937155267 I PREGUNTEU PEL DIRECTOR.\u00a0<\/b><\/span><\/span><\/div>\n<\/div>\n<\/div>\n","protected":false},"excerpt":{"rendered":"<p>.&hellip;  <a href=\"https:\/\/agora.xtec.cat\/iesmiquelcrusafont\/general\/preinscripcio-batxillerat\/\" title=\"Read PREINSCRIPCI\u00d3 BATXILLERAT\">Llegeix m\u00e9s\u00bb<\/a><\/p>\n","protected":false},"author":1,"featured_media":2497,"comment_status":"open","ping_status":"closed","sticky":false,"template":"","format":"standard","meta":{"_bbp_topic_count":0,"_bbp_reply_count":0,"_bbp_total_topic_count":0,"_bbp_total_reply_count":0,"_bbp_voice_count":0,"_bbp_anonymous_reply_count":0,"_bbp_topic_count_hidden":0,"_bbp_reply_count_hidden":0,"_bbp_forum_subforum_count":0,"footnotes":""},"categories":[8,1,29],"tags":[],"class_list":["post-2491","post","type-post","status-publish","format-standard","has-post-thumbnail","hentry","category-batxillerat","category-general","category-portada"],"post_mailing_queue_ids":[],"_links":{"self":[{"href":"https:\/\/agora.xtec.cat\/iesmiquelcrusafont\/wp-json\/wp\/v2\/posts\/2491","targetHints":{"allow":["GET"]}}],"collection":[{"href":"https:\/\/agora.xtec.cat\/iesmiquelcrusafont\/wp-json\/wp\/v2\/posts"}],"about":[{"href":"https:\/\/agora.xtec.cat\/iesmiquelcrusafont\/wp-json\/wp\/v2\/types\/post"}],"author":[{"embeddable":true,"href":"https:\/\/agora.xtec.cat\/iesmiquelcrusafont\/wp-json\/wp\/v2\/users\/1"}],"replies":[{"embeddable":true,"href":"https:\/\/agora.xtec.cat\/iesmiquelcrusafont\/wp-json\/wp\/v2\/comments?post=2491"}],"version-history":[{"count":3,"href":"https:\/\/agora.xtec.cat\/iesmiquelcrusafont\/wp-json\/wp\/v2\/posts\/2491\/revisions"}],"predecessor-version":[{"id":2498,"href":"https:\/\/agora.xtec.cat\/iesmiquelcrusafont\/wp-json\/wp\/v2\/posts\/2491\/revisions\/2498"}],"wp:featuredmedia":[{"embeddable":true,"href":"https:\/\/agora.xtec.cat\/iesmiquelcrusafont\/wp-json\/wp\/v2\/media\/2497"}],"wp:attachment":[{"href":"https:\/\/agora.xtec.cat\/iesmiquelcrusafont\/wp-json\/wp\/v2\/media?parent=2491"}],"wp:term":[{"taxonomy":"category","embeddable":true,"href":"https:\/\/agora.xtec.cat\/iesmiquelcrusafont\/wp-json\/wp\/v2\/categories?post=2491"},{"taxonomy":"post_tag","embeddable":true,"href":"https:\/\/agora.xtec.cat\/iesmiquelcrusafont\/wp-json\/wp\/v2\/tags?post=2491"}],"curies":[{"name":"wp","href":"https:\/\/api.w.org\/{rel}","templated":true}]}}