{"id":2444,"date":"2021-06-10T19:00:41","date_gmt":"2021-06-10T17:00:41","guid":{"rendered":"http:\/\/agora.xtec.cat\/iesmiquelcrusafont\/?p=2444"},"modified":"2021-06-14T20:09:01","modified_gmt":"2021-06-14T18:09:01","slug":"publicacio-de-les-llistes-barem-provisional","status":"publish","type":"post","link":"https:\/\/agora.xtec.cat\/iesmiquelcrusafont\/general\/publicacio-de-les-llistes-barem-provisional\/","title":{"rendered":"Llistat d&#8217;alumnes admesos i calendari de matriculaci\u00f3."},"content":{"rendered":"<h4 style=\"text-align: justify;\"><strong>Benvolgudes fam\u00edlies,<\/strong><\/h4>\n<h4 style=\"text-align: justify;\">En els seg\u00fcents enlla\u00e7os trobareu, el llistat d&#8217;alumnes admesos, el calendari de matriculaci\u00f3 i la documentaci\u00f3 necess\u00e0ria per a la realitzaci\u00f3 de la matricula.<\/h4>\n<p>&nbsp;<\/p>\n<ul>\n<li>\n<h4><a href=\"https:\/\/agora.xtec.cat\/iesmiquelcrusafont\/wp-content\/uploads\/usu1686\/2021\/05\/INFORME_ASSIGNADES_INFORME_ASSIGNADES.pdf\" target=\"_blank\" rel=\"noopener noreferrer\">LLISTAT D&#8217;ADMESOS<\/a><\/h4>\n<\/li>\n<li>\n<h4><a href=\"https:\/\/agora.xtec.cat\/iesmiquelcrusafont\/wp-content\/uploads\/usu1686\/2021\/05\/PER\u00cdODE-DE-MATRICULA-ESO.pdf\" target=\"_blank\" rel=\"noopener noreferrer\">PER\u00cdODE DE MATRICULA ESO<\/a><\/h4>\n<\/li>\n<li>\n<h4><a href=\"https:\/\/agora.xtec.cat\/iesmiquelcrusafont\/wp-content\/uploads\/usu1686\/2021\/06\/Documentaci\u00f3-per-formalitzar-la-matr\u00edcula.pdf\" target=\"_blank\" rel=\"noopener noreferrer\">DOCUMENTACI\u00d3 PER FORMALITZA LA MATRICULA<\/a><\/h4>\n<\/li>\n<\/ul>\n<h4 style=\"text-align: justify;\"><\/h4>\n","protected":false},"excerpt":{"rendered":"<p>Benvolgudes fam\u00edlies,<br \/>\nEn els seg\u00fcents enlla\u00e7os trobareu, el llistat d&#8217;alumnes admesos, el calendari de matriculaci\u00f3 i la documentaci\u00f3 necess\u00e0ria per a la realitzaci\u00f3 de la matricula.<br \/>\n&nbsp;<\/p>\n<ul>\n<li>\n<a href=\"https:\/\/agora.xtec.cat\/iesmiquelcrusafont\/wp-content\/uploads\/usu1686\/2021\/05\/INFORME_ASSIGNADES_INFORME_ASSIGNADES.pdf\" target=\"_blank\" rel=\"noopener noreferrer\">LLISTAT D&#8217;ADMESOS<\/a>\n<\/li>\n<li>\n<a href=\"https:\/\/agora.xtec.cat\/iesmiquelcrusafont\/wp-content\/uploads\/usu1686\/2021\/05\/PER\u00cdODE-DE-MATRICULA-ESO.pdf\" target=\"_blank\" rel=\"noopener noreferrer\">PER\u00cdODE DE MATRICULA ESO<\/a>\n<\/li>\n<li>\n<a href=\"https:\/\/agora.xtec.cat\/iesmiquelcrusafont\/wp-content\/uploads\/usu1686\/2021\/06\/Documentaci\u00f3-per-formalitzar-la-matr\u00edcula.pdf\" target=\"_blank\" rel=\"noopener noreferrer\">DOCUMENTACI\u00d3 PER FORMALITZA LA MATRICULA<\/a>\n<\/li>\n<\/ul>\n","protected":false},"author":1,"featured_media":0,"comment_status":"open","ping_status":"closed","sticky":false,"template":"","format":"standard","meta":{"_bbp_topic_count":0,"_bbp_reply_count":0,"_bbp_total_topic_count":0,"_bbp_total_reply_count":0,"_bbp_voice_count":0,"_bbp_anonymous_reply_count":0,"_bbp_topic_count_hidden":0,"_bbp_reply_count_hidden":0,"_bbp_forum_subforum_count":0,"footnotes":""},"categories":[1,29],"tags":[],"class_list":["post-2444","post","type-post","status-publish","format-standard","hentry","category-general","category-portada"],"post_mailing_queue_ids":[],"_links":{"self":[{"href":"https:\/\/agora.xtec.cat\/iesmiquelcrusafont\/wp-json\/wp\/v2\/posts\/2444","targetHints":{"allow":["GET"]}}],"collection":[{"href":"https:\/\/agora.xtec.cat\/iesmiquelcrusafont\/wp-json\/wp\/v2\/posts"}],"about":[{"href":"https:\/\/agora.xtec.cat\/iesmiquelcrusafont\/wp-json\/wp\/v2\/types\/post"}],"author":[{"embeddable":true,"href":"https:\/\/agora.xtec.cat\/iesmiquelcrusafont\/wp-json\/wp\/v2\/users\/1"}],"replies":[{"embeddable":true,"href":"https:\/\/agora.xtec.cat\/iesmiquelcrusafont\/wp-json\/wp\/v2\/comments?post=2444"}],"version-history":[{"count":3,"href":"https:\/\/agora.xtec.cat\/iesmiquelcrusafont\/wp-json\/wp\/v2\/posts\/2444\/revisions"}],"predecessor-version":[{"id":2553,"href":"https:\/\/agora.xtec.cat\/iesmiquelcrusafont\/wp-json\/wp\/v2\/posts\/2444\/revisions\/2553"}],"wp:attachment":[{"href":"https:\/\/agora.xtec.cat\/iesmiquelcrusafont\/wp-json\/wp\/v2\/media?parent=2444"}],"wp:term":[{"taxonomy":"category","embeddable":true,"href":"https:\/\/agora.xtec.cat\/iesmiquelcrusafont\/wp-json\/wp\/v2\/categories?post=2444"},{"taxonomy":"post_tag","embeddable":true,"href":"https:\/\/agora.xtec.cat\/iesmiquelcrusafont\/wp-json\/wp\/v2\/tags?post=2444"}],"curies":[{"name":"wp","href":"https:\/\/api.w.org\/{rel}","templated":true}]}}