{"id":2388,"date":"2021-02-11T20:28:07","date_gmt":"2021-02-11T19:28:07","guid":{"rendered":"http:\/\/agora.xtec.cat\/iesmiquelcrusafont\/?p=2388"},"modified":"2021-03-13T14:05:52","modified_gmt":"2021-03-13T13:05:52","slug":"el-crusafont-es-mou","status":"publish","type":"post","link":"https:\/\/agora.xtec.cat\/iesmiquelcrusafont\/general\/el-crusafont-es-mou\/","title":{"rendered":"EL CRUSAFONT ES MOU"},"content":{"rendered":"<p><span style=\"text-decoration: underline;\"><strong><em>EL CRUSAFONT ES MOU<\/em><\/strong><\/span><\/p>\n<p><em>Durant aquest curs s\u2019ha posat en marxa el projecte \u00abEl Crusafont es mou\u00bb. Aquest projecte consisteix a posar en marxa una s\u00e8rie d\u2019activitats amb esperit d\u2019integraci\u00f3, coeducaci\u00f3 i m\u00e0xima participaci\u00f3 de l\u2019alumnat del nostre centre. \u00c9s fruit de la voluntat de l\u2019INS Miquel Crusafont d\u2019oferir espais de desenvolupament integral, mitjan\u00e7ant la incorporaci\u00f3 d\u2019h\u00e0bits saludables relacionats amb la pr\u00e0ctica d\u2019activitat f\u00edsica.<\/em><\/p>\n<p><em>\u00abEl Crusafont es mou\u00bb neix gr\u00e0cies a POEFA, una convocat\u00f2ria del Departament d\u2019Educaci\u00f3 per seleccionar projectes amb oportunitats d\u2019\u00e8xit educatiu a favor de l\u2019alumnat, en el marc del Programa Operatiu d\u2019Ocupaci\u00f3, Formaci\u00f3 i Educaci\u00f3 del Fons Social Europeu 2014-2020.<\/em><em>\u00a0<\/em><\/p>\n<p><em>Aquest projecte \u00e9s una veritable oportunitat d\u2019incorporar continguts amb component l\u00fadic, fora del centre i en horari escolar, que resultarien molt dif\u00edcils de plantejar en les circumst\u00e0ncies habituals. Permet, aix\u00ed mateix, apropar l\u2019alumnat del barri a entitats amb un fort arrelament a la nostra ciutat i que s\u00f3n, sens dubte, entitats referents dins del m\u00f3n de l\u2019activitat f\u00edsica i l\u2019esport.<\/em><\/p>\n<p><em>\u00a0<\/em><em>La col\u00b7laboraci\u00f3 amb entitats de la ciutat, que sempre ha caracteritzat\u00a0 l\u2019INS Miquel Crusafont, com \u00e9s el cas del Club Nataci\u00f3 Sabadell, facilita en gran mesura la proposta d\u2019aquest ambici\u00f3s projecte.<\/em><\/p>\n<p><em>\u00a0<\/em><em>Les activitats del projecte, que considerem necessari i convenient, es duran a terme a l\u2019entorn natural i a les instal\u00b7lacions del CNS.<\/em><\/p>\n<p><em>\u00a0<\/em><em>Dins de les propostes d\u2019activitat que s\u2019oferiran, destaquen la sortida a la platja per realitzar torneigs de voleibol, les classes dirigides en sala, les activitats aqu\u00e0tiques, la iniciaci\u00f3 a treballs de desenvolupament de condici\u00f3 f\u00edsica espec\u00edfiques i altres propostes, en funci\u00f3 de les caracter\u00edstiques del grup. <\/em><\/p>\n<p><em>\u00a0<\/em><em>Des de l\u2019INS Miquel Crusafont i Pair\u00f3, conven\u00e7uts de la idone\u00eftat de la iniciativa, desitgem que l\u2019alumnat pugui gaudir de l\u2019experi\u00e8ncia i que el projecte tingui continu\u00eftat en anys posteriors, per tal de mantenir i refor\u00e7ar el comprom\u00eds de millora en la qualitat educativa del nostre alumnat.<\/em><\/p>\n<p><a href=\"https:\/\/agora.xtec.cat\/iesmiquelcrusafont\/wp-content\/uploads\/usu1686\/2021\/02\/logos-POEFA.png\"><img loading=\"lazy\" decoding=\"async\" class=\"size-full wp-image-2391 aligncenter\" src=\"https:\/\/agora.xtec.cat\/iesmiquelcrusafont\/wp-content\/uploads\/usu1686\/2021\/02\/logos-POEFA.png\" alt=\"\" width=\"501\" height=\"68\" srcset=\"https:\/\/agora.xtec.cat\/iesmiquelcrusafont\/wp-content\/uploads\/usu1686\/2021\/02\/logos-POEFA.png 501w, https:\/\/agora.xtec.cat\/iesmiquelcrusafont\/wp-content\/uploads\/usu1686\/2021\/02\/logos-POEFA-300x41.png 300w\" sizes=\"auto, (max-width: 501px) 100vw, 501px\" \/><\/a><\/p>\n","protected":false},"excerpt":{"rendered":"<p>EL CRUSAFONT ES MOU<br \/>\nDurant aquest curs s\u2019ha posat en marxa el projecte \u00abEl Crusafont es mou\u00bb. Aquest projecte consisteix a posar en marxa una s\u00e8rie d\u2019activitats amb esperit d\u2019integraci\u00f3, coeducaci\u00f3 i m\u00e0xima participaci\u00f3 de l\u2019alumnat del nostre centre. \u00c9s fruit de la voluntat de l\u2019INS&hellip;  <a href=\"https:\/\/agora.xtec.cat\/iesmiquelcrusafont\/general\/el-crusafont-es-mou\/\" title=\"Read EL CRUSAFONT ES MOU\">Llegeix m\u00e9s\u00bb<\/a><\/p>\n","protected":false},"author":1,"featured_media":2376,"comment_status":"open","ping_status":"closed","sticky":false,"template":"","format":"standard","meta":{"_bbp_topic_count":0,"_bbp_reply_count":0,"_bbp_total_topic_count":0,"_bbp_total_reply_count":0,"_bbp_voice_count":0,"_bbp_anonymous_reply_count":0,"_bbp_topic_count_hidden":0,"_bbp_reply_count_hidden":0,"_bbp_forum_subforum_count":0,"footnotes":""},"categories":[8,3,110,1,29],"tags":[],"class_list":["post-2388","post","type-post","status-publish","format-standard","has-post-thumbnail","hentry","category-batxillerat","category-eso","category-expressio","category-general","category-portada"],"post_mailing_queue_ids":[],"_links":{"self":[{"href":"https:\/\/agora.xtec.cat\/iesmiquelcrusafont\/wp-json\/wp\/v2\/posts\/2388","targetHints":{"allow":["GET"]}}],"collection":[{"href":"https:\/\/agora.xtec.cat\/iesmiquelcrusafont\/wp-json\/wp\/v2\/posts"}],"about":[{"href":"https:\/\/agora.xtec.cat\/iesmiquelcrusafont\/wp-json\/wp\/v2\/types\/post"}],"author":[{"embeddable":true,"href":"https:\/\/agora.xtec.cat\/iesmiquelcrusafont\/wp-json\/wp\/v2\/users\/1"}],"replies":[{"embeddable":true,"href":"https:\/\/agora.xtec.cat\/iesmiquelcrusafont\/wp-json\/wp\/v2\/comments?post=2388"}],"version-history":[{"count":3,"href":"https:\/\/agora.xtec.cat\/iesmiquelcrusafont\/wp-json\/wp\/v2\/posts\/2388\/revisions"}],"predecessor-version":[{"id":2428,"href":"https:\/\/agora.xtec.cat\/iesmiquelcrusafont\/wp-json\/wp\/v2\/posts\/2388\/revisions\/2428"}],"wp:featuredmedia":[{"embeddable":true,"href":"https:\/\/agora.xtec.cat\/iesmiquelcrusafont\/wp-json\/wp\/v2\/media\/2376"}],"wp:attachment":[{"href":"https:\/\/agora.xtec.cat\/iesmiquelcrusafont\/wp-json\/wp\/v2\/media?parent=2388"}],"wp:term":[{"taxonomy":"category","embeddable":true,"href":"https:\/\/agora.xtec.cat\/iesmiquelcrusafont\/wp-json\/wp\/v2\/categories?post=2388"},{"taxonomy":"post_tag","embeddable":true,"href":"https:\/\/agora.xtec.cat\/iesmiquelcrusafont\/wp-json\/wp\/v2\/tags?post=2388"}],"curies":[{"name":"wp","href":"https:\/\/api.w.org\/{rel}","templated":true}]}}