{"id":2382,"date":"2021-01-31T13:40:37","date_gmt":"2021-01-31T12:40:37","guid":{"rendered":"http:\/\/agora.xtec.cat\/iesmiquelcrusafont\/?p=2382"},"modified":"2021-01-31T13:41:14","modified_gmt":"2021-01-31T12:41:14","slug":"1e-treballa-les-3-r-reduir-reutilitzar-i-reciclar","status":"publish","type":"post","link":"https:\/\/agora.xtec.cat\/iesmiquelcrusafont\/eso\/1e-treballa-les-3-r-reduir-reutilitzar-i-reciclar\/","title":{"rendered":"1E TREBALLA LES 3 R: REDUIR REUTILITZAR I RECICLAR."},"content":{"rendered":"<h4 style=\"text-align: justify;\">El dijous, dia 28 de Gener, els alumnes de 1E, dins de l\u2019assignatura de Tecnologia, van fer una recollida de pl\u00e0stics al pati del nostre institut, per tal que agafin consci\u00e8ncia de la import\u00e0ncia de cuidar el nostre planeta i aplicar les tres R a la seva vida coti-diana, <span style=\"text-decoration: underline;\"><strong>REDUIR, REUTILITZAR, RECICLAR.<\/strong><\/span><\/h4>\n<p>&nbsp;<\/p>\n<p><a href=\"https:\/\/agora.xtec.cat\/iesmiquelcrusafont\/wp-content\/uploads\/usu1686\/2021\/01\/Imatge-2.jpg\"><img loading=\"lazy\" decoding=\"async\" class=\"wp-image-2385 alignleft\" src=\"https:\/\/agora.xtec.cat\/iesmiquelcrusafont\/wp-content\/uploads\/usu1686\/2021\/01\/Imatge-2.jpg\" alt=\"\" width=\"509\" height=\"381\" srcset=\"https:\/\/agora.xtec.cat\/iesmiquelcrusafont\/wp-content\/uploads\/usu1686\/2021\/01\/Imatge-2.jpg 500w, https:\/\/agora.xtec.cat\/iesmiquelcrusafont\/wp-content\/uploads\/usu1686\/2021\/01\/Imatge-2-300x225.jpg 300w, https:\/\/agora.xtec.cat\/iesmiquelcrusafont\/wp-content\/uploads\/usu1686\/2021\/01\/Imatge-2-200x150.jpg 200w\" sizes=\"auto, (max-width: 509px) 100vw, 509px\" \/><\/a><br \/>\n<a href=\"https:\/\/agora.xtec.cat\/iesmiquelcrusafont\/wp-content\/uploads\/usu1686\/2021\/01\/Imatge-1jpg.jpg\"><img loading=\"lazy\" decoding=\"async\" class=\"wp-image-2384 alignright\" src=\"https:\/\/agora.xtec.cat\/iesmiquelcrusafont\/wp-content\/uploads\/usu1686\/2021\/01\/Imatge-1jpg.jpg\" alt=\"\" width=\"366\" height=\"488\" srcset=\"https:\/\/agora.xtec.cat\/iesmiquelcrusafont\/wp-content\/uploads\/usu1686\/2021\/01\/Imatge-1jpg.jpg 450w, https:\/\/agora.xtec.cat\/iesmiquelcrusafont\/wp-content\/uploads\/usu1686\/2021\/01\/Imatge-1jpg-225x300.jpg 225w\" sizes=\"auto, (max-width: 366px) 100vw, 366px\" \/><\/a><\/p>\n","protected":false},"excerpt":{"rendered":"<p>Recollida de pl\u00e0stics al pati del nostre institut. &hellip;  <a href=\"https:\/\/agora.xtec.cat\/iesmiquelcrusafont\/eso\/1e-treballa-les-3-r-reduir-reutilitzar-i-reciclar\/\" title=\"Read 1E TREBALLA LES 3 R: REDUIR REUTILITZAR I RECICLAR.\">Llegeix m\u00e9s\u00bb<\/a><\/p>\n","protected":false},"author":1,"featured_media":2383,"comment_status":"open","ping_status":"closed","sticky":false,"template":"","format":"standard","meta":{"_bbp_topic_count":0,"_bbp_reply_count":0,"_bbp_total_topic_count":0,"_bbp_total_reply_count":0,"_bbp_voice_count":0,"_bbp_anonymous_reply_count":0,"_bbp_topic_count_hidden":0,"_bbp_reply_count_hidden":0,"_bbp_forum_subforum_count":0,"footnotes":""},"categories":[4,3,29,115],"tags":[],"class_list":["post-2382","post","type-post","status-publish","format-standard","has-post-thumbnail","hentry","category-eso-1","category-eso","category-portada","category-tecnologia"],"post_mailing_queue_ids":[],"_links":{"self":[{"href":"https:\/\/agora.xtec.cat\/iesmiquelcrusafont\/wp-json\/wp\/v2\/posts\/2382","targetHints":{"allow":["GET"]}}],"collection":[{"href":"https:\/\/agora.xtec.cat\/iesmiquelcrusafont\/wp-json\/wp\/v2\/posts"}],"about":[{"href":"https:\/\/agora.xtec.cat\/iesmiquelcrusafont\/wp-json\/wp\/v2\/types\/post"}],"author":[{"embeddable":true,"href":"https:\/\/agora.xtec.cat\/iesmiquelcrusafont\/wp-json\/wp\/v2\/users\/1"}],"replies":[{"embeddable":true,"href":"https:\/\/agora.xtec.cat\/iesmiquelcrusafont\/wp-json\/wp\/v2\/comments?post=2382"}],"version-history":[{"count":2,"href":"https:\/\/agora.xtec.cat\/iesmiquelcrusafont\/wp-json\/wp\/v2\/posts\/2382\/revisions"}],"predecessor-version":[{"id":2387,"href":"https:\/\/agora.xtec.cat\/iesmiquelcrusafont\/wp-json\/wp\/v2\/posts\/2382\/revisions\/2387"}],"wp:featuredmedia":[{"embeddable":true,"href":"https:\/\/agora.xtec.cat\/iesmiquelcrusafont\/wp-json\/wp\/v2\/media\/2383"}],"wp:attachment":[{"href":"https:\/\/agora.xtec.cat\/iesmiquelcrusafont\/wp-json\/wp\/v2\/media?parent=2382"}],"wp:term":[{"taxonomy":"category","embeddable":true,"href":"https:\/\/agora.xtec.cat\/iesmiquelcrusafont\/wp-json\/wp\/v2\/categories?post=2382"},{"taxonomy":"post_tag","embeddable":true,"href":"https:\/\/agora.xtec.cat\/iesmiquelcrusafont\/wp-json\/wp\/v2\/tags?post=2382"}],"curies":[{"name":"wp","href":"https:\/\/api.w.org\/{rel}","templated":true}]}}