{"id":2030,"date":"2020-04-30T14:17:42","date_gmt":"2020-04-30T12:17:42","guid":{"rendered":"http:\/\/agora.xtec.cat\/iesmiquelcrusafont\/?p=2030"},"modified":"2020-04-30T14:17:42","modified_gmt":"2020-04-30T12:17:42","slug":"al-crusafont-ens-movem-durant-el-confinament","status":"publish","type":"post","link":"https:\/\/agora.xtec.cat\/iesmiquelcrusafont\/eso\/al-crusafont-ens-movem-durant-el-confinament\/","title":{"rendered":"&#8220;AL CRUSAFONT ENS MOVEM DURANT EL CONFINAMENT&#8221;"},"content":{"rendered":"<h5 style=\"text-align: justify;\"><span style=\"color: #000000;\"><strong>Ja sabeu la preocupaci\u00f3 de tot el professorat en relaci\u00f3 a l&#8217;excepcionalitat del moment. Desitgem de tot cor que, aquests dies de confinament els estigueu passant de la millor manera possible en companya dels vostres familiars m\u00e9s propers.<\/strong><\/span><br \/>\n<span style=\"color: #000000;\"><strong>Des del Departament d&#8217;EF seguim treballant per intentar normalitzar, en la mesura que es pugui, les nostres rutines i habits, ja que considerem que s\u00f3n essencials per passar aquesta situaci\u00f3 d&#8217;una manera saludable i formativa.<\/strong><\/span><br \/>\n<span style=\"color: #000000;\"><strong>\u00c9s per aix\u00f2 que ens agradaria poder compartir amb tots vosaltres uns records inoblidables en companya dels nostres companys i amics.<\/strong><\/span><br \/>\n<span style=\"color: #000000;\"><strong>Cada imatge reflecteix viv\u00e8ncies d&#8217;amistat i complicitat al nostre institut. Moments plens de vida i felicitat que tornaran a venir, sens dubte, molt aviat.<\/strong><\/span><br \/>\n<span style=\"color: #000000;\"><strong>No voldr\u00edem desaprofitar l&#8217;ocasi\u00f3 per donar-vos molts \u00e0nims en aquests dies, una forta abra\u00e7ada i recordar-vos que d&#8217;aquesta situaci\u00f3 en sortirem m\u00e9s forts i m\u00e9s units que mai.<\/strong><\/span><\/h5>\n<p><span style=\"color: #000000;\"><strong>Salutacions i esperem que us agradi.<\/strong><\/span><\/p>\n<p><span style=\"color: #000000;\"><strong>Carmen, Pat i Benito<\/strong><\/span><\/p>\n<p><iframe loading=\"lazy\" title=\"Al Crusafont ens movem!\" width=\"500\" height=\"281\" src=\"https:\/\/www.youtube.com\/embed\/r8pAfs4Mu-U?feature=oembed\" frameborder=\"0\" allow=\"accelerometer; autoplay; clipboard-write; encrypted-media; gyroscope; picture-in-picture; web-share\" referrerpolicy=\"strict-origin-when-cross-origin\" allowfullscreen><\/iframe><\/p>\n","protected":false},"excerpt":{"rendered":"<p>Ja sabeu la preocupaci\u00f3 de tot el professorat en relaci\u00f3 a l&#8217;excepcionalitat del moment. Desitgem de tot cor que, aquests dies de confinament els estigueu passant de la millor manera possible en companya dels vostres familiars m\u00e9s propers.<br \/>\nDes del Departament d&#8217;EF seguim treballant per intentar&hellip;  <a href=\"https:\/\/agora.xtec.cat\/iesmiquelcrusafont\/eso\/al-crusafont-ens-movem-durant-el-confinament\/\" title=\"Read &#8220;AL CRUSAFONT ENS MOVEM DURANT EL CONFINAMENT&#8221;\">Llegeix m\u00e9s\u00bb<\/a><\/p>\n","protected":false},"author":1,"featured_media":2035,"comment_status":"open","ping_status":"closed","sticky":false,"template":"","format":"standard","meta":{"_bbp_topic_count":0,"_bbp_reply_count":0,"_bbp_total_topic_count":0,"_bbp_total_reply_count":0,"_bbp_voice_count":0,"_bbp_anonymous_reply_count":0,"_bbp_topic_count_hidden":0,"_bbp_reply_count_hidden":0,"_bbp_forum_subforum_count":0,"footnotes":""},"categories":[8,107,3,29],"tags":[],"class_list":["post-2030","post","type-post","status-publish","format-standard","has-post-thumbnail","hentry","category-batxillerat","category-ef","category-eso","category-portada"],"post_mailing_queue_ids":[],"_links":{"self":[{"href":"https:\/\/agora.xtec.cat\/iesmiquelcrusafont\/wp-json\/wp\/v2\/posts\/2030","targetHints":{"allow":["GET"]}}],"collection":[{"href":"https:\/\/agora.xtec.cat\/iesmiquelcrusafont\/wp-json\/wp\/v2\/posts"}],"about":[{"href":"https:\/\/agora.xtec.cat\/iesmiquelcrusafont\/wp-json\/wp\/v2\/types\/post"}],"author":[{"embeddable":true,"href":"https:\/\/agora.xtec.cat\/iesmiquelcrusafont\/wp-json\/wp\/v2\/users\/1"}],"replies":[{"embeddable":true,"href":"https:\/\/agora.xtec.cat\/iesmiquelcrusafont\/wp-json\/wp\/v2\/comments?post=2030"}],"version-history":[{"count":2,"href":"https:\/\/agora.xtec.cat\/iesmiquelcrusafont\/wp-json\/wp\/v2\/posts\/2030\/revisions"}],"predecessor-version":[{"id":2034,"href":"https:\/\/agora.xtec.cat\/iesmiquelcrusafont\/wp-json\/wp\/v2\/posts\/2030\/revisions\/2034"}],"wp:featuredmedia":[{"embeddable":true,"href":"https:\/\/agora.xtec.cat\/iesmiquelcrusafont\/wp-json\/wp\/v2\/media\/2035"}],"wp:attachment":[{"href":"https:\/\/agora.xtec.cat\/iesmiquelcrusafont\/wp-json\/wp\/v2\/media?parent=2030"}],"wp:term":[{"taxonomy":"category","embeddable":true,"href":"https:\/\/agora.xtec.cat\/iesmiquelcrusafont\/wp-json\/wp\/v2\/categories?post=2030"},{"taxonomy":"post_tag","embeddable":true,"href":"https:\/\/agora.xtec.cat\/iesmiquelcrusafont\/wp-json\/wp\/v2\/tags?post=2030"}],"curies":[{"name":"wp","href":"https:\/\/api.w.org\/{rel}","templated":true}]}}