{"id":2020,"date":"2020-04-30T13:54:31","date_gmt":"2020-04-30T11:54:31","guid":{"rendered":"http:\/\/agora.xtec.cat\/iesmiquelcrusafont\/?p=2020"},"modified":"2020-04-30T13:55:10","modified_gmt":"2020-04-30T11:55:10","slug":"in-meinem-haus-a-casa-meva","status":"publish","type":"post","link":"https:\/\/agora.xtec.cat\/iesmiquelcrusafont\/eso\/in-meinem-haus-a-casa-meva\/","title":{"rendered":"&#8220;IN MEINEM HAUS&#8221; (A CASA MEVA)"},"content":{"rendered":"<h4 style=\"text-align: justify;\"><strong>Des del confinament estem treballant vocabulari de la casa.<\/strong><\/h4>\n<h4 style=\"text-align: justify;\"><strong>La setmana de Sant Jordi vam aprendre el poema <em>&#8220;In meinem Haus\u201d<\/em> (A casa meva) de Gina Ruck-Pauquet, en qu\u00e8 explica qu\u00e8 fa a casa seva, \u00e9s un poema molt senzillet ( m\u00e9s avall la traducci\u00f3). A partir del poema, els alumnes de 2n han creat el seu propi poema<\/strong>.<\/h4>\n<h4><em>Traducci\u00f3 del poema original:<\/em><\/h4>\n<h4><em>Estrofa 1: A casa meva\/ jo visc, \/jo dormo, \/jo menjo\/ i si tu vols\/ t\u2019obrir\u00e9 la porta\/ i t\u2019hi deixar\u00e9 entrar.<\/em><\/h4>\n<h4><em>Estrofa 2: A casa meva\/ jo ric,\/ jo ploro, \/jo somnio\/ i si jo vull\/ tanco la porta\/ i estic sol<\/em><\/h4>\n<p>&nbsp;<\/p>\n<p><a href=\"https:\/\/agora.xtec.cat\/iesmiquelcrusafont\/wp-content\/uploads\/usu1686\/2020\/04\/Karla_gedicht-e1588247284705.jpg\"><img loading=\"lazy\" decoding=\"async\" class=\"wp-image-2026 alignleft\" src=\"https:\/\/agora.xtec.cat\/iesmiquelcrusafont\/wp-content\/uploads\/usu1686\/2020\/04\/Karla_gedicht-e1588247284705-768x1024.jpg\" alt=\"\" width=\"557\" height=\"743\" srcset=\"https:\/\/agora.xtec.cat\/iesmiquelcrusafont\/wp-content\/uploads\/usu1686\/2020\/04\/Karla_gedicht-e1588247284705-768x1024.jpg 768w, https:\/\/agora.xtec.cat\/iesmiquelcrusafont\/wp-content\/uploads\/usu1686\/2020\/04\/Karla_gedicht-e1588247284705-225x300.jpg 225w\" sizes=\"auto, (max-width: 557px) 100vw, 557px\" \/><\/a>\u00a0 <a href=\"https:\/\/agora.xtec.cat\/iesmiquelcrusafont\/wp-content\/uploads\/usu1686\/2020\/04\/Yaiza_gedicht.jpg\"><img loading=\"lazy\" decoding=\"async\" class=\"wp-image-2024 alignright\" src=\"https:\/\/agora.xtec.cat\/iesmiquelcrusafont\/wp-content\/uploads\/usu1686\/2020\/04\/Yaiza_gedicht-755x1024.jpg\" alt=\"\" width=\"454\" height=\"616\" srcset=\"https:\/\/agora.xtec.cat\/iesmiquelcrusafont\/wp-content\/uploads\/usu1686\/2020\/04\/Yaiza_gedicht-755x1024.jpg 755w, https:\/\/agora.xtec.cat\/iesmiquelcrusafont\/wp-content\/uploads\/usu1686\/2020\/04\/Yaiza_gedicht-221x300.jpg 221w, https:\/\/agora.xtec.cat\/iesmiquelcrusafont\/wp-content\/uploads\/usu1686\/2020\/04\/Yaiza_gedicht-768x1042.jpg 768w\" sizes=\"auto, (max-width: 454px) 100vw, 454px\" \/><\/a><\/p>\n<figure class=\"figure wp-caption aligncenter\"><a href=\"https:\/\/agora.xtec.cat\/iesmiquelcrusafont\/wp-content\/uploads\/usu1686\/2020\/04\/Joaquin_Gedicht.jpg\"><img loading=\"lazy\" decoding=\"async\" class=\"size-large wp-image-2025\" src=\"https:\/\/agora.xtec.cat\/iesmiquelcrusafont\/wp-content\/uploads\/usu1686\/2020\/04\/Joaquin_Gedicht.jpg\" alt=\"\" width=\"500\" height=\"711\" srcset=\"https:\/\/agora.xtec.cat\/iesmiquelcrusafont\/wp-content\/uploads\/usu1686\/2020\/04\/Joaquin_Gedicht.jpg 500w, https:\/\/agora.xtec.cat\/iesmiquelcrusafont\/wp-content\/uploads\/usu1686\/2020\/04\/Joaquin_Gedicht-211x300.jpg 211w\" sizes=\"auto, (max-width: 500px) 100vw, 500px\" \/><\/a><figcaption class=\"wp-caption-text\">dav<\/figcaption><\/figure>\n<p>&nbsp;<\/p>\n","protected":false},"excerpt":{"rendered":"<p>Des del confinament els alumnes que fan alemany aprenen el poema &#8220;In meinem Haus&#8221; i creen el seu propi poema.&hellip;  <a href=\"https:\/\/agora.xtec.cat\/iesmiquelcrusafont\/eso\/in-meinem-haus-a-casa-meva\/\" title=\"Read &#8220;IN MEINEM HAUS&#8221; (A CASA MEVA)\">Llegeix m\u00e9s\u00bb<\/a><\/p>\n","protected":false},"author":1,"featured_media":2029,"comment_status":"open","ping_status":"closed","sticky":false,"template":"","format":"standard","meta":{"_bbp_topic_count":0,"_bbp_reply_count":0,"_bbp_total_topic_count":0,"_bbp_total_reply_count":0,"_bbp_voice_count":0,"_bbp_anonymous_reply_count":0,"_bbp_topic_count_hidden":0,"_bbp_reply_count_hidden":0,"_bbp_forum_subforum_count":0,"footnotes":""},"categories":[3,113,29],"tags":[],"class_list":["post-2020","post","type-post","status-publish","format-standard","has-post-thumbnail","hentry","category-eso","category-llengues-estrangeres","category-portada"],"post_mailing_queue_ids":[],"_links":{"self":[{"href":"https:\/\/agora.xtec.cat\/iesmiquelcrusafont\/wp-json\/wp\/v2\/posts\/2020","targetHints":{"allow":["GET"]}}],"collection":[{"href":"https:\/\/agora.xtec.cat\/iesmiquelcrusafont\/wp-json\/wp\/v2\/posts"}],"about":[{"href":"https:\/\/agora.xtec.cat\/iesmiquelcrusafont\/wp-json\/wp\/v2\/types\/post"}],"author":[{"embeddable":true,"href":"https:\/\/agora.xtec.cat\/iesmiquelcrusafont\/wp-json\/wp\/v2\/users\/1"}],"replies":[{"embeddable":true,"href":"https:\/\/agora.xtec.cat\/iesmiquelcrusafont\/wp-json\/wp\/v2\/comments?post=2020"}],"version-history":[{"count":2,"href":"https:\/\/agora.xtec.cat\/iesmiquelcrusafont\/wp-json\/wp\/v2\/posts\/2020\/revisions"}],"predecessor-version":[{"id":2028,"href":"https:\/\/agora.xtec.cat\/iesmiquelcrusafont\/wp-json\/wp\/v2\/posts\/2020\/revisions\/2028"}],"wp:featuredmedia":[{"embeddable":true,"href":"https:\/\/agora.xtec.cat\/iesmiquelcrusafont\/wp-json\/wp\/v2\/media\/2029"}],"wp:attachment":[{"href":"https:\/\/agora.xtec.cat\/iesmiquelcrusafont\/wp-json\/wp\/v2\/media?parent=2020"}],"wp:term":[{"taxonomy":"category","embeddable":true,"href":"https:\/\/agora.xtec.cat\/iesmiquelcrusafont\/wp-json\/wp\/v2\/categories?post=2020"},{"taxonomy":"post_tag","embeddable":true,"href":"https:\/\/agora.xtec.cat\/iesmiquelcrusafont\/wp-json\/wp\/v2\/tags?post=2020"}],"curies":[{"name":"wp","href":"https:\/\/api.w.org\/{rel}","templated":true}]}}