{"id":1995,"date":"2020-04-23T13:10:46","date_gmt":"2020-04-23T11:10:46","guid":{"rendered":"http:\/\/agora.xtec.cat\/iesmiquelcrusafont\/?p=1995"},"modified":"2020-04-23T13:10:46","modified_gmt":"2020-04-23T11:10:46","slug":"guanyadors-del-jocs-florals-de-catala-2020","status":"publish","type":"post","link":"https:\/\/agora.xtec.cat\/iesmiquelcrusafont\/general\/guanyadors-del-jocs-florals-de-catala-2020\/","title":{"rendered":"GUANYADORS DEL JOCS FLORALS DE CATAL\u00c0 2020"},"content":{"rendered":"<p>&nbsp;<\/p>\n<h2 style=\"text-align: center;\">JOCS FLORALS SANT JORDI 2020<\/h2>\n<h5 style=\"text-align: center;\">INSTITUT MIQUEL CRUSAFONT I PAIR\u00d3<\/h5>\n<p style=\"text-align: center;\"><a href=\"https:\/\/agora.xtec.cat\/iesmiquelcrusafont\/wp-content\/uploads\/usu1686\/2018\/04\/Jocs-Florals.jpg\"><img loading=\"lazy\" decoding=\"async\" class=\"alignnone size-full wp-image-854\" src=\"https:\/\/agora.xtec.cat\/iesmiquelcrusafont\/wp-content\/uploads\/usu1686\/2018\/04\/Jocs-Florals.jpg\" alt=\"\" width=\"228\" height=\"228\" srcset=\"https:\/\/agora.xtec.cat\/iesmiquelcrusafont\/wp-content\/uploads\/usu1686\/2018\/04\/Jocs-Florals.jpg 228w, https:\/\/agora.xtec.cat\/iesmiquelcrusafont\/wp-content\/uploads\/usu1686\/2018\/04\/Jocs-Florals-150x150.jpg 150w\" sizes=\"auto, (max-width: 228px) 100vw, 228px\" \/><\/a><\/p>\n<h5 style=\"text-align: center;\">DEPARTAMENT DE LLENGUA CATALANA I LITERATURA<\/h5>\n<h6 style=\"text-align: center;\">Reunits els sis membres del jurat el dilluns 20 d&#8217;abril telem\u00e0ticament, acorden atorgar els premis corresponents a la convocat\u00f2ria 2020 dels Jocs Florals a les seg\u00fcents obres:<\/h6>\n<p>&nbsp;<\/p>\n<table style=\"height: 423px; width: 439px;\" width=\"372\">\n<tbody>\n<tr style=\"height: 139px;\">\n<td style=\"width: 165px; height: 139px; text-align: left;\"><strong>1r ESO (Cal\u00b7ligrama)<\/strong><\/td>\n<td style=\"width: 266px; height: 139px;\"><a href=\"https:\/\/agora.xtec.cat\/iesmiquelcrusafont\/wp-content\/uploads\/usu1686\/2020\/04\/Aicha-khoumi.pdf\" target=\"_blank\" rel=\"noopener noreferrer\">1r Premi Aicha khoumi<\/a><\/p>\n<p><a href=\"https:\/\/agora.xtec.cat\/iesmiquelcrusafont\/wp-content\/uploads\/usu1686\/2020\/04\/Miriam-Gomez.pdf\" target=\"_blank\" rel=\"noopener noreferrer\">2n premi Miriam Gomez<\/a><\/p>\n<p><a href=\"https:\/\/agora.xtec.cat\/iesmiquelcrusafont\/wp-content\/uploads\/usu1686\/2020\/04\/Kande-Diallo-1r4.pdf\" target=\"_blank\" rel=\"noopener noreferrer\">3r Premi Kande Diallo<\/a><\/td>\n<\/tr>\n<tr style=\"height: 140px;\">\n<td style=\"width: 165px; height: 140px;\"><strong>2n ESO (Cal\u00b7ligrama)<\/strong><\/td>\n<td style=\"width: 266px; height: 140px;\"><a href=\"https:\/\/agora.xtec.cat\/iesmiquelcrusafont\/wp-content\/uploads\/usu1686\/2020\/04\/Joel-Martinez.pdf\" target=\"_blank\" rel=\"noopener noreferrer\">1r premi Joel Martinez<\/a><\/p>\n<p><a href=\"https:\/\/agora.xtec.cat\/iesmiquelcrusafont\/wp-content\/uploads\/usu1686\/2020\/04\/Nicole.pdf\" target=\"_blank\" rel=\"noopener noreferrer\">2n premi Nicole Rodriguez<\/a><\/p>\n<p><a href=\"https:\/\/agora.xtec.cat\/iesmiquelcrusafont\/wp-content\/uploads\/usu1686\/2020\/04\/Judith.pdf\" target=\"_blank\" rel=\"noopener noreferrer\">3r Premi Judith Hebreo<\/a><\/td>\n<\/tr>\n<tr style=\"height: 36px;\">\n<td style=\"width: 165px; height: 36px;\"><strong>3r ESO ( Microrelat)<\/strong><\/td>\n<td style=\"width: 266px; height: 36px;\"><a href=\"https:\/\/agora.xtec.cat\/iesmiquelcrusafont\/wp-content\/uploads\/usu1686\/2020\/04\/YASMINA-KHOUMI-LA-MEVA-CAN\u00c7\u00d3.pdf\" target=\"_blank\" rel=\"noopener noreferrer\">1r Premi YASMINA KHOUMI\u00a0<\/a><\/p>\n<p><a href=\"https:\/\/agora.xtec.cat\/iesmiquelcrusafont\/wp-content\/uploads\/usu1686\/2020\/04\/Tortura-per-alguns_microrelat-1.pdf\" target=\"_blank\" rel=\"noopener noreferrer\">2n Premi Iria Casado<\/a><\/p>\n<p><a href=\"https:\/\/agora.xtec.cat\/iesmiquelcrusafont\/wp-content\/uploads\/usu1686\/2020\/04\/Zoubida-Microrelat.pdf\" target=\"_blank\" rel=\"noopener noreferrer\">3r Premi Zoubida Teyar<\/a><\/td>\n<\/tr>\n<tr style=\"height: 36px;\">\n<td style=\"width: 165px; height: 36px;\"><strong>4t ESO\u00a0 (Microrelat)<\/strong><\/td>\n<td style=\"width: 266px; height: 36px;\"><a href=\"https:\/\/agora.xtec.cat\/iesmiquelcrusafont\/wp-content\/uploads\/usu1686\/2020\/04\/Andrea_Ruz.rtf.pdf\" target=\"_blank\" rel=\"noopener noreferrer\">1r Premi Andrea_Ruz<\/a><\/p>\n<p><a href=\"https:\/\/agora.xtec.cat\/iesmiquelcrusafont\/wp-content\/uploads\/usu1686\/2020\/04\/Carla-Pellicer.pdf\" target=\"_blank\" rel=\"noopener noreferrer\">2n Premi Carla Pellicer<\/a><\/p>\n<p><a href=\"https:\/\/agora.xtec.cat\/iesmiquelcrusafont\/wp-content\/uploads\/usu1686\/2020\/04\/Sulay.pdf\" target=\"_blank\" rel=\"noopener noreferrer\">3r Premi Sulay P\u00e9rez<\/a><\/td>\n<\/tr>\n<tr style=\"height: 36px;\">\n<td style=\"width: 165px; height: 36px;\"><strong>1r Batx (Crusa)<\/strong><\/td>\n<td style=\"width: 266px; height: 36px;\"><a href=\"https:\/\/agora.xtec.cat\/iesmiquelcrusafont\/wp-content\/uploads\/usu1686\/2020\/04\/Joel-Sala.pdf\" target=\"_blank\" rel=\"noopener noreferrer\">1r Premi Joel Sala<\/a><\/p>\n<p><a href=\"https:\/\/agora.xtec.cat\/iesmiquelcrusafont\/wp-content\/uploads\/usu1686\/2020\/04\/Rub\u00e9n-Ruiz.pdf\" target=\"_blank\" rel=\"noopener noreferrer\">2n premi Rub\u00e9n Ruiz<\/a><\/p>\n<p><a href=\"https:\/\/agora.xtec.cat\/iesmiquelcrusafont\/wp-content\/uploads\/usu1686\/2020\/04\/Laura_Montsech.pdf\" target=\"_blank\" rel=\"noopener noreferrer\">3r Premi Laura_Montsech<\/a><\/td>\n<\/tr>\n<tr style=\"height: 36px;\">\n<td style=\"width: 165px; height: 36px;\"><strong>2n Batx (Crusa)<\/strong><\/td>\n<td style=\"width: 266px; height: 36px;\"><a href=\"https:\/\/agora.xtec.cat\/iesmiquelcrusafont\/wp-content\/uploads\/usu1686\/2020\/04\/Crusa.Fatima.pdf\" target=\"_blank\" rel=\"noopener noreferrer\">1r premi Fatima Agueltim<\/a><\/p>\n<p><a href=\"https:\/\/agora.xtec.cat\/iesmiquelcrusafont\/wp-content\/uploads\/usu1686\/2020\/04\/crusa_saloua_ait.pdf\" target=\"_blank\" rel=\"noopener noreferrer\">2n Premi Saloua Ait Mbark<\/a><\/p>\n<p><a href=\"https:\/\/agora.xtec.cat\/iesmiquelcrusafont\/wp-content\/uploads\/usu1686\/2020\/04\/La-m\u00fasica.pdf\" target=\"_blank\" rel=\"noopener noreferrer\">3r Premi Manuel Quesada<\/a><\/td>\n<\/tr>\n<\/tbody>\n<\/table>\n<h3 style=\"text-align: right;\"><strong>MOLTES FELICITATS. <\/strong><\/h3>\n","protected":false},"excerpt":{"rendered":"<p>I ELS GUANYADORS S\u00d3N &hellip;  <a href=\"https:\/\/agora.xtec.cat\/iesmiquelcrusafont\/general\/guanyadors-del-jocs-florals-de-catala-2020\/\" title=\"Read GUANYADORS DEL JOCS FLORALS DE CATAL\u00c0 2020\">Llegeix m\u00e9s\u00bb<\/a><\/p>\n","protected":false},"author":1,"featured_media":1480,"comment_status":"open","ping_status":"closed","sticky":false,"template":"","format":"standard","meta":{"_bbp_topic_count":0,"_bbp_reply_count":0,"_bbp_total_topic_count":0,"_bbp_total_reply_count":0,"_bbp_voice_count":0,"_bbp_anonymous_reply_count":0,"_bbp_topic_count_hidden":0,"_bbp_reply_count_hidden":0,"_bbp_forum_subforum_count":0,"footnotes":""},"categories":[8,3,1,111,29],"tags":[],"class_list":["post-1995","post","type-post","status-publish","format-standard","has-post-thumbnail","hentry","category-batxillerat","category-eso","category-general","category-llengua-catalana","category-portada"],"post_mailing_queue_ids":[],"_links":{"self":[{"href":"https:\/\/agora.xtec.cat\/iesmiquelcrusafont\/wp-json\/wp\/v2\/posts\/1995","targetHints":{"allow":["GET"]}}],"collection":[{"href":"https:\/\/agora.xtec.cat\/iesmiquelcrusafont\/wp-json\/wp\/v2\/posts"}],"about":[{"href":"https:\/\/agora.xtec.cat\/iesmiquelcrusafont\/wp-json\/wp\/v2\/types\/post"}],"author":[{"embeddable":true,"href":"https:\/\/agora.xtec.cat\/iesmiquelcrusafont\/wp-json\/wp\/v2\/users\/1"}],"replies":[{"embeddable":true,"href":"https:\/\/agora.xtec.cat\/iesmiquelcrusafont\/wp-json\/wp\/v2\/comments?post=1995"}],"version-history":[{"count":3,"href":"https:\/\/agora.xtec.cat\/iesmiquelcrusafont\/wp-json\/wp\/v2\/posts\/1995\/revisions"}],"predecessor-version":[{"id":2018,"href":"https:\/\/agora.xtec.cat\/iesmiquelcrusafont\/wp-json\/wp\/v2\/posts\/1995\/revisions\/2018"}],"wp:featuredmedia":[{"embeddable":true,"href":"https:\/\/agora.xtec.cat\/iesmiquelcrusafont\/wp-json\/wp\/v2\/media\/1480"}],"wp:attachment":[{"href":"https:\/\/agora.xtec.cat\/iesmiquelcrusafont\/wp-json\/wp\/v2\/media?parent=1995"}],"wp:term":[{"taxonomy":"category","embeddable":true,"href":"https:\/\/agora.xtec.cat\/iesmiquelcrusafont\/wp-json\/wp\/v2\/categories?post=1995"},{"taxonomy":"post_tag","embeddable":true,"href":"https:\/\/agora.xtec.cat\/iesmiquelcrusafont\/wp-json\/wp\/v2\/tags?post=1995"}],"curies":[{"name":"wp","href":"https:\/\/api.w.org\/{rel}","templated":true}]}}