{"id":1910,"date":"2020-03-11T10:36:29","date_gmt":"2020-03-11T09:36:29","guid":{"rendered":"http:\/\/agora.xtec.cat\/iesmiquelcrusafont\/?p=1910"},"modified":"2020-03-11T10:36:29","modified_gmt":"2020-03-11T09:36:29","slug":"concurso-literario-sant-jordi-2020","status":"publish","type":"post","link":"https:\/\/agora.xtec.cat\/iesmiquelcrusafont\/eso\/concurso-literario-sant-jordi-2020\/","title":{"rendered":"CONCURSO LITERARIO SANT JORDI 2020"},"content":{"rendered":"<h3><strong>LENGUA CASTELLANA TEMA: EL CINE*<\/strong><\/h3>\n<p><a href=\"https:\/\/agora.xtec.cat\/iesmiquelcrusafont\/wp-content\/uploads\/usu1686\/2020\/03\/Portada-1.jpg\"><img loading=\"lazy\" decoding=\"async\" class=\"size-full wp-image-1911 aligncenter\" src=\"https:\/\/agora.xtec.cat\/iesmiquelcrusafont\/wp-content\/uploads\/usu1686\/2020\/03\/Portada-1.jpg\" alt=\"\" width=\"280\" height=\"234\" \/><\/a><\/p>\n<h3><strong>2 CATEGOR\u00cdAS:<\/strong><\/h3>\n<h3><strong>-POES\u00cdA: Inventar un acr\u00f3stico a partir del t\u00edtulo de una pel\u00edcula<\/strong><\/h3>\n<h3><strong>-PROSA: Crear una historia en la que se incluya una cita c\u00e9lebre de una pel\u00edcula.<\/strong><\/h3>\n<h3><span style=\"color: #3366ff;\"><strong>+PREMIOS: primero, segundo y acc\u00e9sit en ESO y Bachillerato<\/strong><\/span><\/h3>\n<h3><span style=\"text-decoration: underline;\"><strong>+Fecha m\u00e1xima de entrega: 25 de febrero<\/strong><\/span><\/h3>\n<h3><strong>Bases en www.crusafont.cat<\/strong><\/h3>\n<h3><span style=\"color: #ff0000;\"><strong>*<\/strong><strong>125 A\u00d1OS DE LA PRIMERA SESI\u00d3N DE CINE<\/strong><\/span><\/h3>\n<p>&nbsp;<\/p>\n<h4><em><strong>M\u00e1s informaci\u00f3n: <a href=\"https:\/\/agora.xtec.cat\/iesmiquelcrusafont\/wp-content\/uploads\/usu1686\/2020\/03\/BASES-SANT-JORDI-2020.pptx\">BASES SANT JORDI 2020<\/a><\/strong><\/em><\/h4>\n<p>&nbsp;<\/p>\n<p>&nbsp;<\/p>\n","protected":false},"excerpt":{"rendered":"<p>Bases del Concurso literario. &hellip;  <a href=\"https:\/\/agora.xtec.cat\/iesmiquelcrusafont\/eso\/concurso-literario-sant-jordi-2020\/\" title=\"Read CONCURSO LITERARIO SANT JORDI 2020\">Llegeix m\u00e9s\u00bb<\/a><\/p>\n","protected":false},"author":1,"featured_media":1911,"comment_status":"open","ping_status":"closed","sticky":false,"template":"","format":"standard","meta":{"_bbp_topic_count":0,"_bbp_reply_count":0,"_bbp_total_topic_count":0,"_bbp_total_reply_count":0,"_bbp_voice_count":0,"_bbp_anonymous_reply_count":0,"_bbp_topic_count_hidden":0,"_bbp_reply_count_hidden":0,"_bbp_forum_subforum_count":0,"footnotes":""},"categories":[116,8,3,112,29],"tags":[],"class_list":["post-1910","post","type-post","status-publish","format-standard","has-post-thumbnail","hentry","category-ampa","category-batxillerat","category-eso","category-llengua-castellana","category-portada"],"post_mailing_queue_ids":[],"_links":{"self":[{"href":"https:\/\/agora.xtec.cat\/iesmiquelcrusafont\/wp-json\/wp\/v2\/posts\/1910","targetHints":{"allow":["GET"]}}],"collection":[{"href":"https:\/\/agora.xtec.cat\/iesmiquelcrusafont\/wp-json\/wp\/v2\/posts"}],"about":[{"href":"https:\/\/agora.xtec.cat\/iesmiquelcrusafont\/wp-json\/wp\/v2\/types\/post"}],"author":[{"embeddable":true,"href":"https:\/\/agora.xtec.cat\/iesmiquelcrusafont\/wp-json\/wp\/v2\/users\/1"}],"replies":[{"embeddable":true,"href":"https:\/\/agora.xtec.cat\/iesmiquelcrusafont\/wp-json\/wp\/v2\/comments?post=1910"}],"version-history":[{"count":2,"href":"https:\/\/agora.xtec.cat\/iesmiquelcrusafont\/wp-json\/wp\/v2\/posts\/1910\/revisions"}],"predecessor-version":[{"id":1914,"href":"https:\/\/agora.xtec.cat\/iesmiquelcrusafont\/wp-json\/wp\/v2\/posts\/1910\/revisions\/1914"}],"wp:featuredmedia":[{"embeddable":true,"href":"https:\/\/agora.xtec.cat\/iesmiquelcrusafont\/wp-json\/wp\/v2\/media\/1911"}],"wp:attachment":[{"href":"https:\/\/agora.xtec.cat\/iesmiquelcrusafont\/wp-json\/wp\/v2\/media?parent=1910"}],"wp:term":[{"taxonomy":"category","embeddable":true,"href":"https:\/\/agora.xtec.cat\/iesmiquelcrusafont\/wp-json\/wp\/v2\/categories?post=1910"},{"taxonomy":"post_tag","embeddable":true,"href":"https:\/\/agora.xtec.cat\/iesmiquelcrusafont\/wp-json\/wp\/v2\/tags?post=1910"}],"curies":[{"name":"wp","href":"https:\/\/api.w.org\/{rel}","templated":true}]}}