{"id":1898,"date":"2020-03-06T08:35:33","date_gmt":"2020-03-06T07:35:33","guid":{"rendered":"http:\/\/agora.xtec.cat\/iesmiquelcrusafont\/?p=1898"},"modified":"2020-03-06T08:36:42","modified_gmt":"2020-03-06T07:36:42","slug":"sortida-al-teatre-lestruch-de-sabadell","status":"publish","type":"post","link":"https:\/\/agora.xtec.cat\/iesmiquelcrusafont\/batxillerat\/sortida-al-teatre-lestruch-de-sabadell\/","title":{"rendered":"SORTIDA AL TEATRE L&#8217;ESTRUCH DE SABADELL"},"content":{"rendered":"<h5 style=\"text-align: justify;\">El passat dimecres 12 de febrer, els alumnes de 2n de batxillerat van anar al Teatre L&#8217;Estruch a veure <i>\u00c0lbum d&#8217;instants d&#8217;un Mirall trencat, <\/i>de la Companyia Teatre de Ponent.<\/h5>\n<h5 style=\"text-align: justify;\">Aquesta versi\u00f3 teatral de la novel\u00b7la, <i>Mirall trencat<\/i>, proposa un viatge per l&#8217;imaginari i per la paraula de Merc\u00e8 Rodoreda de la m\u00e0 de dues dones de la hist\u00f2ria: Teresa Goday, una filla de peixatera esdevinguda senyora de l&#8217;alta societat Barcelonina, i l&#8217;Armanda, una minyona del servei de la torre amb arbres i flors del barri de Sant Gervasi de Barcelona. Elles s\u2019emmirallen en el trencad\u00eds de les seves realitats, i viuen els amors, els enganys i els secrets inconfessables. En la posada en escena, els sons, les paraules i les fotografies acompanyen les seves veus.<\/h5>\n<h5 style=\"text-align: justify;\">Tant els alumnes com les professores acompanyants vam gaudir molt d\u2019aquesta obra teatral. Us la recomanen!<\/h5>\n<p>&nbsp;<\/p>\n<p><a href=\"https:\/\/agora.xtec.cat\/iesmiquelcrusafont\/wp-content\/uploads\/usu1686\/2020\/03\/IMG_3465.jpg\"><img loading=\"lazy\" decoding=\"async\" class=\"size-full wp-image-1900 aligncenter\" src=\"https:\/\/agora.xtec.cat\/iesmiquelcrusafont\/wp-content\/uploads\/usu1686\/2020\/03\/IMG_3465.jpg\" alt=\"\" width=\"640\" height=\"480\" srcset=\"https:\/\/agora.xtec.cat\/iesmiquelcrusafont\/wp-content\/uploads\/usu1686\/2020\/03\/IMG_3465.jpg 640w, https:\/\/agora.xtec.cat\/iesmiquelcrusafont\/wp-content\/uploads\/usu1686\/2020\/03\/IMG_3465-300x225.jpg 300w, https:\/\/agora.xtec.cat\/iesmiquelcrusafont\/wp-content\/uploads\/usu1686\/2020\/03\/IMG_3465-200x150.jpg 200w\" sizes=\"auto, (max-width: 640px) 100vw, 640px\" \/><\/a><\/p>\n","protected":false},"excerpt":{"rendered":"<p>.&hellip;  <a href=\"https:\/\/agora.xtec.cat\/iesmiquelcrusafont\/batxillerat\/sortida-al-teatre-lestruch-de-sabadell\/\" title=\"Read SORTIDA AL TEATRE L&#8217;ESTRUCH DE SABADELL\">Llegeix m\u00e9s\u00bb<\/a><\/p>\n","protected":false},"author":1,"featured_media":1899,"comment_status":"open","ping_status":"closed","sticky":false,"template":"","format":"standard","meta":{"_bbp_topic_count":0,"_bbp_reply_count":0,"_bbp_total_topic_count":0,"_bbp_total_reply_count":0,"_bbp_voice_count":0,"_bbp_anonymous_reply_count":0,"_bbp_topic_count_hidden":0,"_bbp_reply_count_hidden":0,"_bbp_forum_subforum_count":0,"footnotes":""},"categories":[8,111,29],"tags":[],"class_list":["post-1898","post","type-post","status-publish","format-standard","has-post-thumbnail","hentry","category-batxillerat","category-llengua-catalana","category-portada"],"post_mailing_queue_ids":[],"_links":{"self":[{"href":"https:\/\/agora.xtec.cat\/iesmiquelcrusafont\/wp-json\/wp\/v2\/posts\/1898","targetHints":{"allow":["GET"]}}],"collection":[{"href":"https:\/\/agora.xtec.cat\/iesmiquelcrusafont\/wp-json\/wp\/v2\/posts"}],"about":[{"href":"https:\/\/agora.xtec.cat\/iesmiquelcrusafont\/wp-json\/wp\/v2\/types\/post"}],"author":[{"embeddable":true,"href":"https:\/\/agora.xtec.cat\/iesmiquelcrusafont\/wp-json\/wp\/v2\/users\/1"}],"replies":[{"embeddable":true,"href":"https:\/\/agora.xtec.cat\/iesmiquelcrusafont\/wp-json\/wp\/v2\/comments?post=1898"}],"version-history":[{"count":3,"href":"https:\/\/agora.xtec.cat\/iesmiquelcrusafont\/wp-json\/wp\/v2\/posts\/1898\/revisions"}],"predecessor-version":[{"id":1903,"href":"https:\/\/agora.xtec.cat\/iesmiquelcrusafont\/wp-json\/wp\/v2\/posts\/1898\/revisions\/1903"}],"wp:featuredmedia":[{"embeddable":true,"href":"https:\/\/agora.xtec.cat\/iesmiquelcrusafont\/wp-json\/wp\/v2\/media\/1899"}],"wp:attachment":[{"href":"https:\/\/agora.xtec.cat\/iesmiquelcrusafont\/wp-json\/wp\/v2\/media?parent=1898"}],"wp:term":[{"taxonomy":"category","embeddable":true,"href":"https:\/\/agora.xtec.cat\/iesmiquelcrusafont\/wp-json\/wp\/v2\/categories?post=1898"},{"taxonomy":"post_tag","embeddable":true,"href":"https:\/\/agora.xtec.cat\/iesmiquelcrusafont\/wp-json\/wp\/v2\/tags?post=1898"}],"curies":[{"name":"wp","href":"https:\/\/api.w.org\/{rel}","templated":true}]}}