{"id":1845,"date":"2020-01-26T13:02:52","date_gmt":"2020-01-26T12:02:52","guid":{"rendered":"http:\/\/agora.xtec.cat\/iesmiquelcrusafont\/?p=1845"},"modified":"2020-01-26T13:02:52","modified_gmt":"2020-01-26T12:02:52","slug":"representacion-teatral-de-luces-de-bohemia","status":"publish","type":"post","link":"https:\/\/agora.xtec.cat\/iesmiquelcrusafont\/batxillerat\/representacion-teatral-de-luces-de-bohemia\/","title":{"rendered":"REPRESENTACI\u00d3N TEATRAL DE LUCES DE BOHEMIA"},"content":{"rendered":"<h4><strong>El pasado 22 de febrero nuestros alumnos de bachillerato asistieron a una representaci\u00f3n de la famosa obra <span style=\"text-decoration: underline;\"><em>\u201cLuces de Bohemia\u201d<\/em><\/span> en<a href=\"https:\/\/agora.xtec.cat\/iesmiquelcrusafont\/wp-content\/uploads\/usu1686\/2020\/01\/Valleinclan.jpg\"><img loading=\"lazy\" decoding=\"async\" class=\"size-full wp-image-1847 alignright\" src=\"https:\/\/agora.xtec.cat\/iesmiquelcrusafont\/wp-content\/uploads\/usu1686\/2020\/01\/Valleinclan.jpg\" alt=\"\" width=\"193\" height=\"299\" \/><\/a> el Centro Sant Vicen\u00e7 (Sabadell). Nos sorprendi\u00f3 que con tan solo 4 actores y una escenograf\u00eda sencill\u00edsima se pudiera poner en escena esta obra de Valle-Incl\u00e1n. Las palabras del autor revivieron en escena .Citas tan geniales como esta: <em>\u201cPorque t\u00fa , gusano burocr\u00e1tico, no sabes nada. \u00a1Ni so\u00f1ar!\u201d.<\/em> En conclusi\u00f3n; la experiencia vali\u00f3 la pena.<\/strong><\/h4>\n<p>&nbsp;<\/p>\n<p><a href=\"https:\/\/agora.xtec.cat\/iesmiquelcrusafont\/wp-content\/uploads\/usu1686\/2020\/01\/Foto-1-1.jpg\"><img loading=\"lazy\" decoding=\"async\" class=\"alignnone size-full wp-image-1848\" src=\"https:\/\/agora.xtec.cat\/iesmiquelcrusafont\/wp-content\/uploads\/usu1686\/2020\/01\/Foto-1-1.jpg\" alt=\"\" width=\"447\" height=\"247\" srcset=\"https:\/\/agora.xtec.cat\/iesmiquelcrusafont\/wp-content\/uploads\/usu1686\/2020\/01\/Foto-1-1.jpg 447w, https:\/\/agora.xtec.cat\/iesmiquelcrusafont\/wp-content\/uploads\/usu1686\/2020\/01\/Foto-1-1-300x166.jpg 300w\" sizes=\"auto, (max-width: 447px) 100vw, 447px\" \/><\/a><\/p>\n<p style=\"text-align: right;\"><a href=\"https:\/\/agora.xtec.cat\/iesmiquelcrusafont\/wp-content\/uploads\/usu1686\/2020\/01\/Foto-2-1.jpg\"><img loading=\"lazy\" decoding=\"async\" class=\"alignnone size-full wp-image-1849\" src=\"https:\/\/agora.xtec.cat\/iesmiquelcrusafont\/wp-content\/uploads\/usu1686\/2020\/01\/Foto-2-1.jpg\" alt=\"\" width=\"529\" height=\"293\" srcset=\"https:\/\/agora.xtec.cat\/iesmiquelcrusafont\/wp-content\/uploads\/usu1686\/2020\/01\/Foto-2-1.jpg 529w, https:\/\/agora.xtec.cat\/iesmiquelcrusafont\/wp-content\/uploads\/usu1686\/2020\/01\/Foto-2-1-300x166.jpg 300w\" sizes=\"auto, (max-width: 529px) 100vw, 529px\" \/><\/a><\/p>\n<p>&nbsp;<\/p>\n<p>&nbsp;<\/p>\n","protected":false},"excerpt":{"rendered":"<p>&#8220;\u00a1Cr\u00e1neo privilegiado!&#8221;,&hellip;  <a href=\"https:\/\/agora.xtec.cat\/iesmiquelcrusafont\/batxillerat\/representacion-teatral-de-luces-de-bohemia\/\" title=\"Read REPRESENTACI\u00d3N TEATRAL DE LUCES DE BOHEMIA\">Llegeix m\u00e9s\u00bb<\/a><\/p>\n","protected":false},"author":1,"featured_media":1846,"comment_status":"open","ping_status":"closed","sticky":false,"template":"","format":"standard","meta":{"_bbp_topic_count":0,"_bbp_reply_count":0,"_bbp_total_topic_count":0,"_bbp_total_reply_count":0,"_bbp_voice_count":0,"_bbp_anonymous_reply_count":0,"_bbp_topic_count_hidden":0,"_bbp_reply_count_hidden":0,"_bbp_forum_subforum_count":0,"footnotes":""},"categories":[8,112,29],"tags":[],"class_list":["post-1845","post","type-post","status-publish","format-standard","has-post-thumbnail","hentry","category-batxillerat","category-llengua-castellana","category-portada"],"post_mailing_queue_ids":[],"_links":{"self":[{"href":"https:\/\/agora.xtec.cat\/iesmiquelcrusafont\/wp-json\/wp\/v2\/posts\/1845","targetHints":{"allow":["GET"]}}],"collection":[{"href":"https:\/\/agora.xtec.cat\/iesmiquelcrusafont\/wp-json\/wp\/v2\/posts"}],"about":[{"href":"https:\/\/agora.xtec.cat\/iesmiquelcrusafont\/wp-json\/wp\/v2\/types\/post"}],"author":[{"embeddable":true,"href":"https:\/\/agora.xtec.cat\/iesmiquelcrusafont\/wp-json\/wp\/v2\/users\/1"}],"replies":[{"embeddable":true,"href":"https:\/\/agora.xtec.cat\/iesmiquelcrusafont\/wp-json\/wp\/v2\/comments?post=1845"}],"version-history":[{"count":2,"href":"https:\/\/agora.xtec.cat\/iesmiquelcrusafont\/wp-json\/wp\/v2\/posts\/1845\/revisions"}],"predecessor-version":[{"id":1851,"href":"https:\/\/agora.xtec.cat\/iesmiquelcrusafont\/wp-json\/wp\/v2\/posts\/1845\/revisions\/1851"}],"wp:featuredmedia":[{"embeddable":true,"href":"https:\/\/agora.xtec.cat\/iesmiquelcrusafont\/wp-json\/wp\/v2\/media\/1846"}],"wp:attachment":[{"href":"https:\/\/agora.xtec.cat\/iesmiquelcrusafont\/wp-json\/wp\/v2\/media?parent=1845"}],"wp:term":[{"taxonomy":"category","embeddable":true,"href":"https:\/\/agora.xtec.cat\/iesmiquelcrusafont\/wp-json\/wp\/v2\/categories?post=1845"},{"taxonomy":"post_tag","embeddable":true,"href":"https:\/\/agora.xtec.cat\/iesmiquelcrusafont\/wp-json\/wp\/v2\/tags?post=1845"}],"curies":[{"name":"wp","href":"https:\/\/api.w.org\/{rel}","templated":true}]}}