{"id":1827,"date":"2020-01-08T09:52:40","date_gmt":"2020-01-08T08:52:40","guid":{"rendered":"http:\/\/agora.xtec.cat\/iesmiquelcrusafont\/?p=1827"},"modified":"2020-01-08T09:53:25","modified_gmt":"2020-01-08T08:53:25","slug":"celebrem-les-saturnals","status":"publish","type":"post","link":"https:\/\/agora.xtec.cat\/iesmiquelcrusafont\/eso\/eso-4\/celebrem-les-saturnals\/","title":{"rendered":"CELEBREM LES SATURNALS"},"content":{"rendered":"<h5 style=\"text-align: justify;\"><strong>Aquest desembre, els alumnes de 4t d&#8217;ESO de Llat\u00ed hem estat investigant sobre el menjar, la forma de vestir i les tradicions romanes, i ho hem posat en pr\u00e0ctica tot recreant la festa de les Saturnals, una festivitat en honor a Saturn amb qu\u00e8 se celebrava l&#8217;arribada del solstici d&#8217;hivern.<\/strong><\/h5>\n<p><a href=\"https:\/\/agora.xtec.cat\/iesmiquelcrusafont\/wp-content\/uploads\/usu1686\/2020\/01\/IMG_20191219_083941.jpg\"><img loading=\"lazy\" decoding=\"async\" class=\"alignnone size-full wp-image-1828\" src=\"https:\/\/agora.xtec.cat\/iesmiquelcrusafont\/wp-content\/uploads\/usu1686\/2020\/01\/IMG_20191219_083941.jpg\" alt=\"\" width=\"600\" height=\"337\" srcset=\"https:\/\/agora.xtec.cat\/iesmiquelcrusafont\/wp-content\/uploads\/usu1686\/2020\/01\/IMG_20191219_083941.jpg 600w, https:\/\/agora.xtec.cat\/iesmiquelcrusafont\/wp-content\/uploads\/usu1686\/2020\/01\/IMG_20191219_083941-300x169.jpg 300w\" sizes=\"auto, (max-width: 600px) 100vw, 600px\" \/><\/a><\/p>\n","protected":false},"excerpt":{"rendered":"<p>.&hellip;  <a href=\"https:\/\/agora.xtec.cat\/iesmiquelcrusafont\/eso\/eso-4\/celebrem-les-saturnals\/\" title=\"Read CELEBREM LES SATURNALS\">Llegeix m\u00e9s\u00bb<\/a><\/p>\n","protected":false},"author":1,"featured_media":1829,"comment_status":"open","ping_status":"closed","sticky":false,"template":"","format":"standard","meta":{"_bbp_topic_count":0,"_bbp_reply_count":0,"_bbp_total_topic_count":0,"_bbp_total_reply_count":0,"_bbp_voice_count":0,"_bbp_anonymous_reply_count":0,"_bbp_topic_count_hidden":0,"_bbp_reply_count_hidden":0,"_bbp_forum_subforum_count":0,"footnotes":""},"categories":[7,119,29],"tags":[],"class_list":["post-1827","post","type-post","status-publish","format-standard","has-post-thumbnail","hentry","category-eso-4","category-llati","category-portada"],"post_mailing_queue_ids":[],"_links":{"self":[{"href":"https:\/\/agora.xtec.cat\/iesmiquelcrusafont\/wp-json\/wp\/v2\/posts\/1827","targetHints":{"allow":["GET"]}}],"collection":[{"href":"https:\/\/agora.xtec.cat\/iesmiquelcrusafont\/wp-json\/wp\/v2\/posts"}],"about":[{"href":"https:\/\/agora.xtec.cat\/iesmiquelcrusafont\/wp-json\/wp\/v2\/types\/post"}],"author":[{"embeddable":true,"href":"https:\/\/agora.xtec.cat\/iesmiquelcrusafont\/wp-json\/wp\/v2\/users\/1"}],"replies":[{"embeddable":true,"href":"https:\/\/agora.xtec.cat\/iesmiquelcrusafont\/wp-json\/wp\/v2\/comments?post=1827"}],"version-history":[{"count":3,"href":"https:\/\/agora.xtec.cat\/iesmiquelcrusafont\/wp-json\/wp\/v2\/posts\/1827\/revisions"}],"predecessor-version":[{"id":1832,"href":"https:\/\/agora.xtec.cat\/iesmiquelcrusafont\/wp-json\/wp\/v2\/posts\/1827\/revisions\/1832"}],"wp:featuredmedia":[{"embeddable":true,"href":"https:\/\/agora.xtec.cat\/iesmiquelcrusafont\/wp-json\/wp\/v2\/media\/1829"}],"wp:attachment":[{"href":"https:\/\/agora.xtec.cat\/iesmiquelcrusafont\/wp-json\/wp\/v2\/media?parent=1827"}],"wp:term":[{"taxonomy":"category","embeddable":true,"href":"https:\/\/agora.xtec.cat\/iesmiquelcrusafont\/wp-json\/wp\/v2\/categories?post=1827"},{"taxonomy":"post_tag","embeddable":true,"href":"https:\/\/agora.xtec.cat\/iesmiquelcrusafont\/wp-json\/wp\/v2\/tags?post=1827"}],"curies":[{"name":"wp","href":"https:\/\/api.w.org\/{rel}","templated":true}]}}