{"id":1780,"date":"2019-11-19T20:20:57","date_gmt":"2019-11-19T19:20:57","guid":{"rendered":"http:\/\/agora.xtec.cat\/iesmiquelcrusafont\/?p=1780"},"modified":"2019-11-19T20:27:45","modified_gmt":"2019-11-19T19:27:45","slug":"conferencia-taller-experiments-al%c2%b7lucinants","status":"publish","type":"post","link":"https:\/\/agora.xtec.cat\/iesmiquelcrusafont\/eso\/conferencia-taller-experiments-al%c2%b7lucinants\/","title":{"rendered":"Confer\u00e8ncia-taller: &#8220;EXPERIMENTS AL\u00b7LUCINANTS&#8221;"},"content":{"rendered":"<h5 style=\"text-align: justify;\"><strong><em>Conjunt d&#8217;experiments espectaculars de Qu\u00edmica i F\u00edsica en els que el conferenciant n&#8217;explicava els fonaments cient\u00edfics, les aplicacions i les precaucions que cal tenir quan ens trobem en situacions quotidianes en les quals les reaccions qu\u00edmiques mostrades poden passar.<\/em><\/strong><\/h5>\n<p style=\"text-align: justify;\"><strong>\u00a0<\/strong><\/p>\n<p><a href=\"https:\/\/agora.xtec.cat\/iesmiquelcrusafont\/wp-content\/uploads\/usu1686\/2019\/11\/Foto-1-2.jpg\"><img loading=\"lazy\" decoding=\"async\" class=\"alignnone size-full wp-image-1782\" src=\"https:\/\/agora.xtec.cat\/iesmiquelcrusafont\/wp-content\/uploads\/usu1686\/2019\/11\/Foto-1-2.jpg\" alt=\"\" width=\"340\" height=\"255\" srcset=\"https:\/\/agora.xtec.cat\/iesmiquelcrusafont\/wp-content\/uploads\/usu1686\/2019\/11\/Foto-1-2.jpg 340w, https:\/\/agora.xtec.cat\/iesmiquelcrusafont\/wp-content\/uploads\/usu1686\/2019\/11\/Foto-1-2-300x225.jpg 300w, https:\/\/agora.xtec.cat\/iesmiquelcrusafont\/wp-content\/uploads\/usu1686\/2019\/11\/Foto-1-2-200x150.jpg 200w\" sizes=\"auto, (max-width: 340px) 100vw, 340px\" \/><\/a><a href=\"https:\/\/agora.xtec.cat\/iesmiquelcrusafont\/wp-content\/uploads\/usu1686\/2019\/11\/Foto-2-3.jpg\"><img loading=\"lazy\" decoding=\"async\" class=\"size-full wp-image-1783 aligncenter\" src=\"https:\/\/agora.xtec.cat\/iesmiquelcrusafont\/wp-content\/uploads\/usu1686\/2019\/11\/Foto-2-3.jpg\" alt=\"\" width=\"650\" height=\"487\" srcset=\"https:\/\/agora.xtec.cat\/iesmiquelcrusafont\/wp-content\/uploads\/usu1686\/2019\/11\/Foto-2-3.jpg 650w, https:\/\/agora.xtec.cat\/iesmiquelcrusafont\/wp-content\/uploads\/usu1686\/2019\/11\/Foto-2-3-300x225.jpg 300w, https:\/\/agora.xtec.cat\/iesmiquelcrusafont\/wp-content\/uploads\/usu1686\/2019\/11\/Foto-2-3-200x150.jpg 200w\" sizes=\"auto, (max-width: 650px) 100vw, 650px\" \/><\/a><\/p>\n<p>A m\u00e9s aqu\u00ed trobareu un petit tast dels experiments qye es varen fer:<span style=\"text-decoration: underline;\"><strong> <a style=\"font-family: inherit; font-size: 1em;\" href=\"https:\/\/vimeo.com\/374237043\" target=\"_blank\" rel=\"noopener noreferrer\">Setmana de la Ci\u00e8ncia<\/a><\/strong><\/span><\/p>\n","protected":false},"excerpt":{"rendered":"<p>Conjunt d&#8217;experiments espectaculars de Qu\u00edmica i F\u00edsica.&hellip;  <a href=\"https:\/\/agora.xtec.cat\/iesmiquelcrusafont\/eso\/conferencia-taller-experiments-al%c2%b7lucinants\/\" title=\"Read Confer\u00e8ncia-taller: &#8220;EXPERIMENTS AL\u00b7LUCINANTS&#8221;\">Llegeix m\u00e9s\u00bb<\/a><\/p>\n","protected":false},"author":1,"featured_media":1788,"comment_status":"open","ping_status":"closed","sticky":false,"template":"","format":"standard","meta":{"_bbp_topic_count":0,"_bbp_reply_count":0,"_bbp_total_topic_count":0,"_bbp_total_reply_count":0,"_bbp_voice_count":0,"_bbp_anonymous_reply_count":0,"_bbp_topic_count_hidden":0,"_bbp_reply_count_hidden":0,"_bbp_forum_subforum_count":0,"footnotes":""},"categories":[8,104,3,29],"tags":[],"class_list":["post-1780","post","type-post","status-publish","format-standard","has-post-thumbnail","hentry","category-batxillerat","category-ciencies","category-eso","category-portada"],"post_mailing_queue_ids":[],"_links":{"self":[{"href":"https:\/\/agora.xtec.cat\/iesmiquelcrusafont\/wp-json\/wp\/v2\/posts\/1780","targetHints":{"allow":["GET"]}}],"collection":[{"href":"https:\/\/agora.xtec.cat\/iesmiquelcrusafont\/wp-json\/wp\/v2\/posts"}],"about":[{"href":"https:\/\/agora.xtec.cat\/iesmiquelcrusafont\/wp-json\/wp\/v2\/types\/post"}],"author":[{"embeddable":true,"href":"https:\/\/agora.xtec.cat\/iesmiquelcrusafont\/wp-json\/wp\/v2\/users\/1"}],"replies":[{"embeddable":true,"href":"https:\/\/agora.xtec.cat\/iesmiquelcrusafont\/wp-json\/wp\/v2\/comments?post=1780"}],"version-history":[{"count":3,"href":"https:\/\/agora.xtec.cat\/iesmiquelcrusafont\/wp-json\/wp\/v2\/posts\/1780\/revisions"}],"predecessor-version":[{"id":1790,"href":"https:\/\/agora.xtec.cat\/iesmiquelcrusafont\/wp-json\/wp\/v2\/posts\/1780\/revisions\/1790"}],"wp:featuredmedia":[{"embeddable":true,"href":"https:\/\/agora.xtec.cat\/iesmiquelcrusafont\/wp-json\/wp\/v2\/media\/1788"}],"wp:attachment":[{"href":"https:\/\/agora.xtec.cat\/iesmiquelcrusafont\/wp-json\/wp\/v2\/media?parent=1780"}],"wp:term":[{"taxonomy":"category","embeddable":true,"href":"https:\/\/agora.xtec.cat\/iesmiquelcrusafont\/wp-json\/wp\/v2\/categories?post=1780"},{"taxonomy":"post_tag","embeddable":true,"href":"https:\/\/agora.xtec.cat\/iesmiquelcrusafont\/wp-json\/wp\/v2\/tags?post=1780"}],"curies":[{"name":"wp","href":"https:\/\/api.w.org\/{rel}","templated":true}]}}