{"id":1770,"date":"2019-11-14T12:25:50","date_gmt":"2019-11-14T11:25:50","guid":{"rendered":"http:\/\/agora.xtec.cat\/iesmiquelcrusafont\/?p=1770"},"modified":"2019-11-14T12:30:17","modified_gmt":"2019-11-14T11:30:17","slug":"stop-bullying-taller-alumnes-de-1r-deso","status":"publish","type":"post","link":"https:\/\/agora.xtec.cat\/iesmiquelcrusafont\/general\/stop-bullying-taller-alumnes-de-1r-deso\/","title":{"rendered":"STOP BULLYING &#8211; Taller alumnes de 1r d&#8217;ESO-"},"content":{"rendered":"<h6 style=\"text-align: justify;\">Els alumnes de 1r d&#8217;ESO han realitzat un taller sobre l&#8217;assetjament escolar. Aquest taller no solament s&#8217;ha centrat en la figura de la v\u00edctima sin\u00f3 que tamb\u00e9 han vist la import\u00e0ncia que tenen els observadors vers tant la figura de l&#8217;agressor com de la v\u00edctima.<\/h6>\n<p><a href=\"https:\/\/agora.xtec.cat\/iesmiquelcrusafont\/wp-content\/uploads\/usu1686\/2019\/11\/Foto-3-2.jpg\"><img loading=\"lazy\" decoding=\"async\" class=\"size-full wp-image-1773 aligncenter\" src=\"https:\/\/agora.xtec.cat\/iesmiquelcrusafont\/wp-content\/uploads\/usu1686\/2019\/11\/Foto-3-2.jpg\" alt=\"\" width=\"250\" height=\"187\" srcset=\"https:\/\/agora.xtec.cat\/iesmiquelcrusafont\/wp-content\/uploads\/usu1686\/2019\/11\/Foto-3-2.jpg 250w, https:\/\/agora.xtec.cat\/iesmiquelcrusafont\/wp-content\/uploads\/usu1686\/2019\/11\/Foto-3-2-200x150.jpg 200w\" sizes=\"auto, (max-width: 250px) 100vw, 250px\" \/><\/a><\/p>\n<h6 style=\"text-align: justify;\">Durant el taller els alumnes han descobert el triangle que ens forma l&#8217;agressor, la v\u00edctima i els observadors, i com aquests darrers s\u00f3n els encarregats de poder a comen\u00e7ar a trencar aquest triangle tan perill\u00f3s i que moltes vegades no es veu, ja que la v\u00edctima sol sofrir en silenci i t\u00e9 la sensaci\u00f3 d&#8217;a\u00efllament.<\/h6>\n<p><a href=\"https:\/\/agora.xtec.cat\/iesmiquelcrusafont\/wp-content\/uploads\/usu1686\/2019\/11\/foto-1.jpg\"><img loading=\"lazy\" decoding=\"async\" class=\"alignnone wp-image-1771\" src=\"https:\/\/agora.xtec.cat\/iesmiquelcrusafont\/wp-content\/uploads\/usu1686\/2019\/11\/foto-1.jpg\" alt=\"\" width=\"378\" height=\"283\" srcset=\"https:\/\/agora.xtec.cat\/iesmiquelcrusafont\/wp-content\/uploads\/usu1686\/2019\/11\/foto-1.jpg 450w, https:\/\/agora.xtec.cat\/iesmiquelcrusafont\/wp-content\/uploads\/usu1686\/2019\/11\/foto-1-300x225.jpg 300w, https:\/\/agora.xtec.cat\/iesmiquelcrusafont\/wp-content\/uploads\/usu1686\/2019\/11\/foto-1-200x150.jpg 200w\" sizes=\"auto, (max-width: 378px) 100vw, 378px\" \/><\/a><img loading=\"lazy\" decoding=\"async\" class=\"wp-image-1772 alignright\" src=\"https:\/\/agora.xtec.cat\/iesmiquelcrusafont\/wp-content\/uploads\/usu1686\/2019\/11\/Foto-2-2.jpg\" alt=\"\" width=\"399\" height=\"299\" srcset=\"https:\/\/agora.xtec.cat\/iesmiquelcrusafont\/wp-content\/uploads\/usu1686\/2019\/11\/Foto-2-2.jpg 350w, https:\/\/agora.xtec.cat\/iesmiquelcrusafont\/wp-content\/uploads\/usu1686\/2019\/11\/Foto-2-2-300x225.jpg 300w, https:\/\/agora.xtec.cat\/iesmiquelcrusafont\/wp-content\/uploads\/usu1686\/2019\/11\/Foto-2-2-200x150.jpg 200w\" sizes=\"auto, (max-width: 399px) 100vw, 399px\" \/><\/p>\n<p>&nbsp;<\/p>\n<p>&nbsp;<\/p>\n<p>&nbsp;<\/p>\n","protected":false},"excerpt":{"rendered":"<p>Trenquem el triangle entre la v\u00edctima, l&#8217;agressor i els observadors.&hellip;  <a href=\"https:\/\/agora.xtec.cat\/iesmiquelcrusafont\/general\/stop-bullying-taller-alumnes-de-1r-deso\/\" title=\"Read STOP BULLYING &#8211; Taller alumnes de 1r d&#8217;ESO-\">Llegeix m\u00e9s\u00bb<\/a><\/p>\n","protected":false},"author":1,"featured_media":1777,"comment_status":"open","ping_status":"closed","sticky":false,"template":"","format":"standard","meta":{"_bbp_topic_count":0,"_bbp_reply_count":0,"_bbp_total_topic_count":0,"_bbp_total_reply_count":0,"_bbp_voice_count":0,"_bbp_anonymous_reply_count":0,"_bbp_topic_count_hidden":0,"_bbp_reply_count_hidden":0,"_bbp_forum_subforum_count":0,"footnotes":""},"categories":[4,1,29],"tags":[],"class_list":["post-1770","post","type-post","status-publish","format-standard","has-post-thumbnail","hentry","category-eso-1","category-general","category-portada"],"post_mailing_queue_ids":[],"_links":{"self":[{"href":"https:\/\/agora.xtec.cat\/iesmiquelcrusafont\/wp-json\/wp\/v2\/posts\/1770","targetHints":{"allow":["GET"]}}],"collection":[{"href":"https:\/\/agora.xtec.cat\/iesmiquelcrusafont\/wp-json\/wp\/v2\/posts"}],"about":[{"href":"https:\/\/agora.xtec.cat\/iesmiquelcrusafont\/wp-json\/wp\/v2\/types\/post"}],"author":[{"embeddable":true,"href":"https:\/\/agora.xtec.cat\/iesmiquelcrusafont\/wp-json\/wp\/v2\/users\/1"}],"replies":[{"embeddable":true,"href":"https:\/\/agora.xtec.cat\/iesmiquelcrusafont\/wp-json\/wp\/v2\/comments?post=1770"}],"version-history":[{"count":2,"href":"https:\/\/agora.xtec.cat\/iesmiquelcrusafont\/wp-json\/wp\/v2\/posts\/1770\/revisions"}],"predecessor-version":[{"id":1776,"href":"https:\/\/agora.xtec.cat\/iesmiquelcrusafont\/wp-json\/wp\/v2\/posts\/1770\/revisions\/1776"}],"wp:featuredmedia":[{"embeddable":true,"href":"https:\/\/agora.xtec.cat\/iesmiquelcrusafont\/wp-json\/wp\/v2\/media\/1777"}],"wp:attachment":[{"href":"https:\/\/agora.xtec.cat\/iesmiquelcrusafont\/wp-json\/wp\/v2\/media?parent=1770"}],"wp:term":[{"taxonomy":"category","embeddable":true,"href":"https:\/\/agora.xtec.cat\/iesmiquelcrusafont\/wp-json\/wp\/v2\/categories?post=1770"},{"taxonomy":"post_tag","embeddable":true,"href":"https:\/\/agora.xtec.cat\/iesmiquelcrusafont\/wp-json\/wp\/v2\/tags?post=1770"}],"curies":[{"name":"wp","href":"https:\/\/api.w.org\/{rel}","templated":true}]}}