{"id":1747,"date":"2019-11-06T10:17:07","date_gmt":"2019-11-06T09:17:07","guid":{"rendered":"http:\/\/agora.xtec.cat\/iesmiquelcrusafont\/?p=1747"},"modified":"2019-11-06T10:22:25","modified_gmt":"2019-11-06T09:22:25","slug":"ultim-dia-de-les-estades-linguistiques","status":"publish","type":"post","link":"https:\/\/agora.xtec.cat\/iesmiquelcrusafont\/eso\/ultim-dia-de-les-estades-linguistiques\/","title":{"rendered":"\u00daLTIM DIA DE LES ESTADES LING\u00dc\u00cdSTIQUES."},"content":{"rendered":"<h3 style=\"text-align: justify;\"><em><strong>Avui \u00e9s el darrer dia de les estades ling\u00fc\u00edstiques a Cabrera dels alumnes de 2n d&#8217;ESO. Sembla que estan gaudint molt alhora que estan refor\u00e7ant el seu angl\u00e8s. Esperem que els nostres reporters quan arribin aquesta tarda ens aportin m\u00e9s informaci\u00f3.<\/strong><\/em><\/h3>\n<p>&nbsp;<\/p>\n<p><a href=\"https:\/\/agora.xtec.cat\/iesmiquelcrusafont\/wp-content\/uploads\/usu1686\/2019\/11\/Foto-1.jpg\"><img loading=\"lazy\" decoding=\"async\" class=\"size-full wp-image-1748 alignleft\" src=\"https:\/\/agora.xtec.cat\/iesmiquelcrusafont\/wp-content\/uploads\/usu1686\/2019\/11\/Foto-1.jpg\" alt=\"\" width=\"800\" height=\"533\" srcset=\"https:\/\/agora.xtec.cat\/iesmiquelcrusafont\/wp-content\/uploads\/usu1686\/2019\/11\/Foto-1.jpg 800w, https:\/\/agora.xtec.cat\/iesmiquelcrusafont\/wp-content\/uploads\/usu1686\/2019\/11\/Foto-1-300x200.jpg 300w, https:\/\/agora.xtec.cat\/iesmiquelcrusafont\/wp-content\/uploads\/usu1686\/2019\/11\/Foto-1-768x512.jpg 768w\" sizes=\"auto, (max-width: 800px) 100vw, 800px\" \/><\/a><\/p>\n<p><a href=\"https:\/\/agora.xtec.cat\/iesmiquelcrusafont\/wp-content\/uploads\/usu1686\/2019\/11\/Foto-2.jpg\"><img loading=\"lazy\" decoding=\"async\" class=\"alignnone size-full wp-image-1749\" src=\"https:\/\/agora.xtec.cat\/iesmiquelcrusafont\/wp-content\/uploads\/usu1686\/2019\/11\/Foto-2.jpg\" alt=\"\" width=\"320\" height=\"213\" srcset=\"https:\/\/agora.xtec.cat\/iesmiquelcrusafont\/wp-content\/uploads\/usu1686\/2019\/11\/Foto-2.jpg 320w, https:\/\/agora.xtec.cat\/iesmiquelcrusafont\/wp-content\/uploads\/usu1686\/2019\/11\/Foto-2-300x200.jpg 300w\" sizes=\"auto, (max-width: 320px) 100vw, 320px\" \/><\/a><\/p>\n<p><img loading=\"lazy\" decoding=\"async\" class=\"size-full wp-image-1750 alignleft\" src=\"https:\/\/agora.xtec.cat\/iesmiquelcrusafont\/wp-content\/uploads\/usu1686\/2019\/11\/Foto-3.jpg\" alt=\"\" width=\"400\" height=\"266\" srcset=\"https:\/\/agora.xtec.cat\/iesmiquelcrusafont\/wp-content\/uploads\/usu1686\/2019\/11\/Foto-3.jpg 400w, https:\/\/agora.xtec.cat\/iesmiquelcrusafont\/wp-content\/uploads\/usu1686\/2019\/11\/Foto-3-300x200.jpg 300w\" sizes=\"auto, (max-width: 400px) 100vw, 400px\" \/><\/p>\n<p>&nbsp;<\/p>\n<p>&nbsp;<\/p>\n<p>&nbsp;<\/p>\n","protected":false},"excerpt":{"rendered":"<p>Estades ling\u00fc\u00edstiques a Cabrera de Mar. &hellip;  <a href=\"https:\/\/agora.xtec.cat\/iesmiquelcrusafont\/eso\/ultim-dia-de-les-estades-linguistiques\/\" title=\"Read \u00daLTIM DIA DE LES ESTADES LING\u00dc\u00cdSTIQUES.\">Llegeix m\u00e9s\u00bb<\/a><\/p>\n","protected":false},"author":1,"featured_media":1752,"comment_status":"open","ping_status":"closed","sticky":false,"template":"","format":"standard","meta":{"_bbp_topic_count":0,"_bbp_reply_count":0,"_bbp_total_topic_count":0,"_bbp_total_reply_count":0,"_bbp_voice_count":0,"_bbp_anonymous_reply_count":0,"_bbp_topic_count_hidden":0,"_bbp_reply_count_hidden":0,"_bbp_forum_subforum_count":0,"footnotes":""},"categories":[5,3,113,29],"tags":[],"class_list":["post-1747","post","type-post","status-publish","format-standard","has-post-thumbnail","hentry","category-eso-2","category-eso","category-llengues-estrangeres","category-portada"],"post_mailing_queue_ids":[],"_links":{"self":[{"href":"https:\/\/agora.xtec.cat\/iesmiquelcrusafont\/wp-json\/wp\/v2\/posts\/1747","targetHints":{"allow":["GET"]}}],"collection":[{"href":"https:\/\/agora.xtec.cat\/iesmiquelcrusafont\/wp-json\/wp\/v2\/posts"}],"about":[{"href":"https:\/\/agora.xtec.cat\/iesmiquelcrusafont\/wp-json\/wp\/v2\/types\/post"}],"author":[{"embeddable":true,"href":"https:\/\/agora.xtec.cat\/iesmiquelcrusafont\/wp-json\/wp\/v2\/users\/1"}],"replies":[{"embeddable":true,"href":"https:\/\/agora.xtec.cat\/iesmiquelcrusafont\/wp-json\/wp\/v2\/comments?post=1747"}],"version-history":[{"count":2,"href":"https:\/\/agora.xtec.cat\/iesmiquelcrusafont\/wp-json\/wp\/v2\/posts\/1747\/revisions"}],"predecessor-version":[{"id":1755,"href":"https:\/\/agora.xtec.cat\/iesmiquelcrusafont\/wp-json\/wp\/v2\/posts\/1747\/revisions\/1755"}],"wp:featuredmedia":[{"embeddable":true,"href":"https:\/\/agora.xtec.cat\/iesmiquelcrusafont\/wp-json\/wp\/v2\/media\/1752"}],"wp:attachment":[{"href":"https:\/\/agora.xtec.cat\/iesmiquelcrusafont\/wp-json\/wp\/v2\/media?parent=1747"}],"wp:term":[{"taxonomy":"category","embeddable":true,"href":"https:\/\/agora.xtec.cat\/iesmiquelcrusafont\/wp-json\/wp\/v2\/categories?post=1747"},{"taxonomy":"post_tag","embeddable":true,"href":"https:\/\/agora.xtec.cat\/iesmiquelcrusafont\/wp-json\/wp\/v2\/tags?post=1747"}],"curies":[{"name":"wp","href":"https:\/\/api.w.org\/{rel}","templated":true}]}}